{"id":10199,"date":"2021-01-07T15:07:42","date_gmt":"2021-01-07T14:07:42","guid":{"rendered":"http:\/\/www.ukctuzla.ba\/ukctuzla\/?p=10199"},"modified":"2021-01-07T15:07:42","modified_gmt":"2021-01-07T14:07:42","slug":"prijem-za-nove-primarijuse-u-ukc-tuzla","status":"publish","type":"post","link":"https:\/\/www.ukctuzla.ba\/ukctuzla\/?p=10199&lang=bs","title":{"rendered":"Prijem za nove primarijuse u UKC Tuzla"},"content":{"rendered":"<p style=\"text-align: justify;\">Po\u010dasni naziv primarijus koji se dodjeljuje kao priznanje za dugogodi\u0161nji uspje\u0161an rad i posebne rezultate postignute na za\u0161titi zdravlja stanovni\u0161tva i razvoju zdravstva odlukom Ministarstva zdravstva Federacije BiH dodjeljen je za 9 ljekara Univerzitetskog klini\u010dkog centra Tuzla.<\/p>\n<p style=\"text-align: justify;\">Zvanje primarijus dobili su: doc. dr. med. sc. Almira \u0106osi\u0107ki\u0107, specijalista pedijatrije, subspecijalista pedijatrijske imunologije i reumatologije, dr Erna Buro, specijalista anesteziologije i reanimatologije, dr Emira Me\u0161anovi\u0107, specijalista anesteziologije i reanimatologije, dr Suada Salki\u0107, specijalista anesteziologije i reumatologije, dr. med. sc. Samira Hasi\u0107, specijalista interne medicine, dr. med. sc. Melika Avdagi\u0107 Piri\u0107, specijalista interne medicine, prof. dr. med. sc. Ervin Alibegovi\u0107, specijalista interne medicine, subspecijalista gastroenterohepatologije, dr Belkisa Izi\u0107, specijalista nuklearne medicine, doc. dr. med. sc. Elvir Be\u0107irovi\u0107, specijalista neuropsihijatrije.<\/p>\n<p style=\"text-align: justify;\">Tim povodom za ljekare organizovan je prijem u menad\u017ementu Univerzitetskog klini\u010dkog cetra Tuzla. Prijemu su prisustvovali direktor Univerzitetskog klini\u010dkog centra Tuzla, prof. dr. med. sc. Vahid Jusufovi\u0107 i pomo\u0107nik direktora za medicinske poslove, prof. dr. med. sc. \u0160ekib Umihani\u0107.<br \/>\nProf. dr. med. sc. Vahid Jusufovi\u0107, je uz \u010destitke za dobijeno zvanje izrazio i zadovoljstvo \u0161to je jedna kompetentna ekipa ljekara dobila ove godine zvanje primarijus. \u201eZadovoljstvo mi je \u0161to je 9 ljekara UKC Tuzla dobilo ovo zna\u010dajno zvanje u na\u0161oj struci, \u0161to predstavlja dokaz kvaliteti na\u0161eg rada i na\u0161im nastojanjima da budemo uvijek bolji. Osim, va\u0161eg kvalitetnog rada prepoznata je i vrijednost i u\u010de\u0161\u0107e u razvoju struke i nau\u010dno- istra\u017eiva\u010dkim aktrivnostima, a to je jedini na\u010din da se na\u0161a ku\u0107a razvija &#8211; rekao je ovom prilikom prof. dr. med. sc. Jusufovi\u0107<br \/>\nSusret je bio prilika i da se porazgovara o radu, problemima ali i uspjesima na pojedinim klinikama.<\/p>\n","protected":false},"excerpt":{"rendered":"<p>Po\u010dasni naziv primarijus koji se dodjeljuje kao priznanje za dugogodi\u0161nji uspje\u0161an rad i posebne rezultate postignute na za\u0161titi zdravlja stanovni\u0161tva i razvoju zdravstva odlukom Ministarstva zdravstva Federacije BiH dodjeljen je za 9 ljekara Univerzitetskog klini\u010dkog centra Tuzla. Zvanje primarijus dobili su: doc. dr. med. sc. Almira \u0106osi\u0107ki\u0107, specijalista pedijatrije, subspecijalista pedijatrijske imunologije i reumatologije, dr&hellip;<\/p>\n","protected":false},"author":2,"featured_media":10201,"comment_status":"closed","ping_status":"open","sticky":false,"template":"","format":"standard","meta":{"footnotes":""},"categories":[11],"tags":[],"class_list":["post-10199","post","type-post","status-publish","format-standard","has-post-thumbnail","hentry","category-vijesti","category-11","description-off"],"_links":{"self":[{"href":"https:\/\/www.ukctuzla.ba\/ukctuzla\/index.php?rest_route=\/wp\/v2\/posts\/10199","targetHints":{"allow":["GET"]}}],"collection":[{"href":"https:\/\/www.ukctuzla.ba\/ukctuzla\/index.php?rest_route=\/wp\/v2\/posts"}],"about":[{"href":"https:\/\/www.ukctuzla.ba\/ukctuzla\/index.php?rest_route=\/wp\/v2\/types\/post"}],"author":[{"embeddable":true,"href":"https:\/\/www.ukctuzla.ba\/ukctuzla\/index.php?rest_route=\/wp\/v2\/users\/2"}],"replies":[{"embeddable":true,"href":"https:\/\/www.ukctuzla.ba\/ukctuzla\/index.php?rest_route=%2Fwp%2Fv2%2Fcomments&post=10199"}],"version-history":[{"count":1,"href":"https:\/\/www.ukctuzla.ba\/ukctuzla\/index.php?rest_route=\/wp\/v2\/posts\/10199\/revisions"}],"predecessor-version":[{"id":10203,"href":"https:\/\/www.ukctuzla.ba\/ukctuzla\/index.php?rest_route=\/wp\/v2\/posts\/10199\/revisions\/10203"}],"wp:featuredmedia":[{"embeddable":true,"href":"https:\/\/www.ukctuzla.ba\/ukctuzla\/index.php?rest_route=\/wp\/v2\/media\/10201"}],"wp:attachment":[{"href":"https:\/\/www.ukctuzla.ba\/ukctuzla\/index.php?rest_route=%2Fwp%2Fv2%2Fmedia&parent=10199"}],"wp:term":[{"taxonomy":"category","embeddable":true,"href":"https:\/\/www.ukctuzla.ba\/ukctuzla\/index.php?rest_route=%2Fwp%2Fv2%2Fcategories&post=10199"},{"taxonomy":"post_tag","embeddable":true,"href":"https:\/\/www.ukctuzla.ba\/ukctuzla\/index.php?rest_route=%2Fwp%2Fv2%2Ftags&post=10199"}],"curies":[{"name":"wp","href":"https:\/\/api.w.org\/{rel}","templated":true}]}}