{"id":1022,"date":"2015-03-26T11:17:00","date_gmt":"2015-03-26T11:17:00","guid":{"rendered":"http:\/\/10.0.0.65\/ukctuzla3\/?p=1022"},"modified":"2015-03-26T11:17:00","modified_gmt":"2015-03-26T11:17:00","slug":"26-3-2015","status":"publish","type":"post","link":"https:\/\/www.ukctuzla.ba\/ukctuzla\/?p=1022&lang=bs","title":{"rendered":"26. mart \u2013 Dan podr\u0161ke oboljelim od epilepsije"},"content":{"rendered":"<p style=\"text-align: justify;\"><a href=\"images\/stories\/ukc\/vijesti\/2015\/MART\/26.2v.jpg\" target=\"_self\"><img loading=\"lazy\" decoding=\"async\" src=\"images\/stories\/ukc\/vijesti\/2015\/MART\/26.2.jpg\" border=\"0\" width=\"200\" height=\"133\" style=\"float: right; margin: 5px;\" \/><\/a>Dan podr\u0161ke oboljelima od epilepsije obilje\u017eava se danas \u0161irom svijeta, a kako je internacionalna boja za epilepsiju ljubi\u010dasta, ovaj je dan nazvan Purple Day ili Ljubi\u010dasti dan. Klinika za neurologiju UKC Tuzla i Liga za borbu protiv epilepsije Tuzlanskog kantona\u00a0 i ove godine, razli\u010ditim aktivnostima, pridru\u017euju se svjetskoj zajednici u pru\u017eanju podr\u0161ke u borbi protiv epilepsije. Tim povodom danas je u organizaciji Klinike za neurologiju UKC Tuzla odr\u017eana konferencija za novinare u cilju podizanja svijesti o epilepsiji, ali i ukazivanja na va\u017enost upoznavanja sa osnovnim simptomima ove bolesti i na\u010dinima na koje se oboljelima mo\u017ee pomo\u0107i.\u00a0<\/p>\n<p>  <!--more-->  <\/p>\n<p style=\"text-align: justify;\">Prema rije\u010dima na\u010delnika Klinike za neurologiju, prof. dr. Osmana Sinanovi\u0107a incidenca oboljelih na Tuzlanskom kantonu se kre\u0107e od 5 do 10 oboljelih na 1000 stanovnika i broj je u konstantnom porastu. &#8220;Epilepsija je kompleksna bolest koja uti\u010de na socijalni\u00a0 \u017eivot oboljelih, naro\u010dito djece u \u0161kolskoj dobi, te je neophodno raditi na destigmatizaciji, ali i edukaciji porodica, stru\u010dnjaka i \u0161ire dru\u0161tvene zajednice u cilju zauzimanja pozitivnih stavova prema oboljelim od epilepsije. Zbog toga su aktivnosti koje organizuju Klinika za neurologiju UKC Tuzla i Liga za borbu protiv epilepsije Tuzlanskog kantona vrlo zna\u010dajne jer pru\u017eaju priliku zainteresovanim gra\u0111anima da se informi\u0161u o bolesti, ali i na\u010dinu kako pomo\u0107i oboljelima od epilepsije&#8221;, istakao je na konferenciji prof. dr. Sinanovi\u0107 i ukazao na va\u017enost rane dijagnostike i adekvatnog lije\u010denja. Tako\u0111e, prof. dr. Sinanovi\u0107 je skrenuo pa\u017enju i na va\u017enost stavljanja novih lijekova za epilepsiju na esencijalnu listu, jer kako je rekao, odre\u0111eni lijekovi za epilepsiju su jako skupi, \u0161to predstavlja veliko optere\u0107enje za pacijente slabijeg imovinskog stanja. <\/p>\n<p><a href=\"images\/stories\/ukc\/vijesti\/2015\/MART\/26.1v.jpg\" target=\"_self\"><img loading=\"lazy\" decoding=\"async\" src=\"images\/stories\/ukc\/vijesti\/2015\/MART\/26.1.jpg\" border=\"0\" width=\"189\" height=\"126\" style=\"float: left; border: 0; margin: 5px;\" \/><\/a>Pored konferencije za novinare Klinika za neurologiju UKC Tuzla i Liga za borbu protiv epilepsije Tuzlanskog kantona, na gradskom korzou, organizovali su i javnu akciju za gra\u0111ane. &#8220;Uz ljekare Klinike za neurologiju, u obilje\u017eavanje ovog dana uklju\u010dili su se studenti Medicinskog fakulteta, volonteri i \u010dlanovi Udru\u017eenja oboljelih od epilepsije. Organizovali smo javnu akciju za gra\u0111ane, ali i predavanja koja su na\u0161i \u010dlanovi odr\u017eali u Katoli\u010dkom \u0161kolskom centru, Gimnaziji &#8220;Ismet Mujezinovi\u0107&#8221; i Srednjoj medicinskoj \u0161koli\u00a0 gdje su podjeljene i afi\u0161e sa osnovnim podacima o samoj bolesti i uputstvima za pomo\u0107 prilikom epilepti\u010dnog napada.<\/p>\n<p style=\"text-align: justify;\">Moram ista\u010di da smo zaista sretni \u0161to svojim doprinosom skre\u0107emo pa\u017enju da oboljeli nisu sami i da mogu ravnopravno biti uklju\u010deni u dru\u0161tvenu i socijalnu zajednicu, jer kvaliteta \u017eivota osoba sa epilepsijom nekada je te\u017ee naru\u0161ena stavom dru\u0161tva i stigmatizacijom pacijenata, nego samom bole\u0161\u0107u&#8221;, istakla je ovom prilikom prim. dr. Larisa Kova\u010devi\u0107.<\/p>\n<p style=\"text-align: justify;\">Ina\u010de, obilje\u017eavanje \u02ddPurple Day-a\u02dd ili \u02ddLjubi\u010dastog dana\u02dd, 2008. godine pokrenula je Cassidy Megan iz Nove Scotie u Canadi, uz pomo\u0107 nacionalne organizacije za epilepsiju. Namjera i \u017eelja djevoj\u010dice bila je osvijestiti \u0161iru javnosti o bolesti zbog koje je bila ograni\u010dena u dru\u017eenju i igri s vr\u0161njacima kao i pra\u0107enju nastave.<\/p>\n<p>\u00a0<\/p>\n","protected":false},"excerpt":{"rendered":"<p>Dan podr\u0161ke oboljelima od epilepsije obilje\u017eava se danas \u0161irom svijeta, a kako je internacionalna boja za epilepsiju ljubi\u010dasta, ovaj je dan nazvan Purple Day ili Ljubi\u010dasti dan. Klinika za neurologiju UKC Tuzla i Liga za borbu protiv epilepsije Tuzlanskog kantona\u00a0 i ove godine, razli\u010ditim aktivnostima, pridru\u017euju se svjetskoj zajednici u pru\u017eanju podr\u0161ke u borbi protiv&hellip;<\/p>\n","protected":false},"author":1,"featured_media":16294,"comment_status":"closed","ping_status":"open","sticky":false,"template":"","format":"standard","meta":{"footnotes":""},"categories":[54],"tags":[],"class_list":["post-1022","post","type-post","status-publish","format-standard","has-post-thumbnail","hentry","category-sample-data-articles","category-54","description-off"],"_links":{"self":[{"href":"https:\/\/www.ukctuzla.ba\/ukctuzla\/index.php?rest_route=\/wp\/v2\/posts\/1022","targetHints":{"allow":["GET"]}}],"collection":[{"href":"https:\/\/www.ukctuzla.ba\/ukctuzla\/index.php?rest_route=\/wp\/v2\/posts"}],"about":[{"href":"https:\/\/www.ukctuzla.ba\/ukctuzla\/index.php?rest_route=\/wp\/v2\/types\/post"}],"author":[{"embeddable":true,"href":"https:\/\/www.ukctuzla.ba\/ukctuzla\/index.php?rest_route=\/wp\/v2\/users\/1"}],"replies":[{"embeddable":true,"href":"https:\/\/www.ukctuzla.ba\/ukctuzla\/index.php?rest_route=%2Fwp%2Fv2%2Fcomments&post=1022"}],"version-history":[{"count":0,"href":"https:\/\/www.ukctuzla.ba\/ukctuzla\/index.php?rest_route=\/wp\/v2\/posts\/1022\/revisions"}],"wp:featuredmedia":[{"embeddable":true,"href":"https:\/\/www.ukctuzla.ba\/ukctuzla\/index.php?rest_route=\/wp\/v2\/media\/16294"}],"wp:attachment":[{"href":"https:\/\/www.ukctuzla.ba\/ukctuzla\/index.php?rest_route=%2Fwp%2Fv2%2Fmedia&parent=1022"}],"wp:term":[{"taxonomy":"category","embeddable":true,"href":"https:\/\/www.ukctuzla.ba\/ukctuzla\/index.php?rest_route=%2Fwp%2Fv2%2Fcategories&post=1022"},{"taxonomy":"post_tag","embeddable":true,"href":"https:\/\/www.ukctuzla.ba\/ukctuzla\/index.php?rest_route=%2Fwp%2Fv2%2Ftags&post=1022"}],"curies":[{"name":"wp","href":"https:\/\/api.w.org\/{rel}","templated":true}]}}