{"id":1045,"date":"2015-06-03T13:51:03","date_gmt":"2015-06-03T13:51:03","guid":{"rendered":"http:\/\/10.0.0.65\/ukctuzla3\/?p=1045"},"modified":"2015-06-03T13:51:03","modified_gmt":"2015-06-03T13:51:03","slug":"otvorena-dnevna-bolnica-i-laboratorij-klinickih-vjestina","status":"publish","type":"post","link":"https:\/\/www.ukctuzla.ba\/ukctuzla\/?p=1045&lang=bs","title":{"rendered":"Otvorena Dnevna bolnica i Laboratorij klini\u010dkih vje\u0161tina"},"content":{"rendered":"<p style=\"text-align: justify;\"><a href=\"images\/stories\/ukc\/vijesti\/2015\/JUN\/3.JPG\" target=\"_blank\"><img loading=\"lazy\" decoding=\"async\" src=\"images\/stories\/ukc\/vijesti\/2015\/JUN\/3m.jpg\" border=\"0\" width=\"200\" height=\"133\" style=\"float: right; margin: 5px;\" \/><\/a>Uz prisustvo velikog broja zvanica danas je uprili\u010dena ceremonija otvaranja Dnevne bolnice Klinike za zarazne bolesti UKC Tuzla i Laboratorija klini\u010dkih vje\u0161tina Medicinskog fakulteta Univerziteta u Tuzli i Univerzitetskog klini\u010dkog centra Tuzla. Prof. dr. Sead Ahmetagi\u0107, na\u010delnik Klinike za zarazne bolesti ovom prilikom je izrazio veliko zadovoljstvo \u0161to se humanitarnoj akciji koju je pokrenula Klinika za zarazne bolesti odazvao veliki broj dru\u0161tveno odgovornih institucija i humanih ljudi. Zahvalio se donatorima i rekao da se Akcija prikupljanja sredstava za renoviranje i adaptaciju Klinike za zarazne bolesti ne zavr\u0161ava danas, nego da novi radovi po\u010dinju ve\u0107 sutra i da \u0107e se sljede\u0107a faza radova izvoditi na prostoru intenzivne njege.<\/p>\n<p>  <!--more-->  <\/p>\n<p style=\"text-align: justify;\"><a href=\"images\/stories\/ukc\/vijesti\/2015\/JUN\/3.1.JPG\" target=\"_blank\"><img loading=\"lazy\" decoding=\"async\" src=\"images\/stories\/ukc\/vijesti\/2015\/JUN\/3.1m.jpg\" border=\"0\" width=\"200\" height=\"133\" style=\"float: right; margin: 5px;\" \/><\/a>Prisutnima se obratio i direktor Univerzitetskog klini\u010dkog centra Tuzla, doc. dr. Ne\u0161ad Hoti\u0107 koji je podsjetio da je renoviranje Klinike za zarazne bolesti zap\u010deto prije pet godina, radovima na krovu ovog objekta, \u0161to je tako\u0111e predstavljalo veliku investiciju i rekao da \u0107e otvaranje Dnevne bolnice, kako za djecu tako i za odrasle, omogu\u0107iti efikasnost i efektivnost svih dijagnosti\u010dkih i terapijskih procedura pacijenata kojih boluju od infektivne bolesti, s namjerom da se \u0161to ekonomi\u010dnije i br\u017ee obave potrebne pretrage, bez dugog le\u017eanja u bolnici. <\/p>\n<p>Pored Dnevne bolnice Klinike za zarazne bolesti danas je uprili\u010deno i otvaranje Laboratorija klini\u010dkih vje\u0161tina UKC Tuzla i Medicinskog fakulteta Univerziteta u Tuzli. Prema rije\u010dima prof. dr. Elmira \u010ci\u010dku\u0161i\u0107a, dekana Medicinskog fakulteta Univerziteta u Tuzli, Laboratorij klini\u010dkih vje\u0161tina \u0107e biti opremljen u\u010dilima pomo\u0107u kojih \u0107e studenti Medicinskog fakulteta ovladati neinvazivnim i invazivnim postupcima i vje\u0161tinama neophodnim za dijagnosti\u010dke i terapijske postupke. <\/p>\n<p>Prisutnima se obratio i prof. dr. Farid Ljuca, prorektor za nau\u010dno istra\u017eiva\u010dki rad Univerziteta u Tuzli koji je rekao da Medicinski fakultet Univerziteta u Tuzli i UKC Tuzla \u010dine simbiozu dvije institucije, ta da kvalitet jedne doprinosi kvalitetu druge institucije. &#8220;Otvaranjem Laboratorija klini\u010dkih vje\u0161tina dose\u017eemo jo\u0161 jedan standard kvaliteta koji mora imati svaki dobro opremljen Medicinski fakultet u svijetu&#8221;, rekao je prorektor Ljuca.<\/p>\n<p>Nakon obilazka prostorija Dnevne bolnice i Laboratorija klini\u010dkih vje\u0161tina uru\u010dene su zahvalnice donatorima.<\/p>\n<p>\u00a0<\/p>\n<p>\u00a0<\/p>\n<p>\u00a0<\/p>\n","protected":false},"excerpt":{"rendered":"<p>Uz prisustvo velikog broja zvanica danas je uprili\u010dena ceremonija otvaranja Dnevne bolnice Klinike za zarazne bolesti UKC Tuzla i Laboratorija klini\u010dkih vje\u0161tina Medicinskog fakulteta Univerziteta u Tuzli i Univerzitetskog klini\u010dkog centra Tuzla. Prof. dr. Sead Ahmetagi\u0107, na\u010delnik Klinike za zarazne bolesti ovom prilikom je izrazio veliko zadovoljstvo \u0161to se humanitarnoj akciji koju je pokrenula Klinika&hellip;<\/p>\n","protected":false},"author":1,"featured_media":16294,"comment_status":"closed","ping_status":"open","sticky":false,"template":"","format":"standard","meta":{"footnotes":""},"categories":[54],"tags":[],"class_list":["post-1045","post","type-post","status-publish","format-standard","has-post-thumbnail","hentry","category-sample-data-articles","category-54","description-off"],"_links":{"self":[{"href":"https:\/\/www.ukctuzla.ba\/ukctuzla\/index.php?rest_route=\/wp\/v2\/posts\/1045","targetHints":{"allow":["GET"]}}],"collection":[{"href":"https:\/\/www.ukctuzla.ba\/ukctuzla\/index.php?rest_route=\/wp\/v2\/posts"}],"about":[{"href":"https:\/\/www.ukctuzla.ba\/ukctuzla\/index.php?rest_route=\/wp\/v2\/types\/post"}],"author":[{"embeddable":true,"href":"https:\/\/www.ukctuzla.ba\/ukctuzla\/index.php?rest_route=\/wp\/v2\/users\/1"}],"replies":[{"embeddable":true,"href":"https:\/\/www.ukctuzla.ba\/ukctuzla\/index.php?rest_route=%2Fwp%2Fv2%2Fcomments&post=1045"}],"version-history":[{"count":0,"href":"https:\/\/www.ukctuzla.ba\/ukctuzla\/index.php?rest_route=\/wp\/v2\/posts\/1045\/revisions"}],"wp:featuredmedia":[{"embeddable":true,"href":"https:\/\/www.ukctuzla.ba\/ukctuzla\/index.php?rest_route=\/wp\/v2\/media\/16294"}],"wp:attachment":[{"href":"https:\/\/www.ukctuzla.ba\/ukctuzla\/index.php?rest_route=%2Fwp%2Fv2%2Fmedia&parent=1045"}],"wp:term":[{"taxonomy":"category","embeddable":true,"href":"https:\/\/www.ukctuzla.ba\/ukctuzla\/index.php?rest_route=%2Fwp%2Fv2%2Fcategories&post=1045"},{"taxonomy":"post_tag","embeddable":true,"href":"https:\/\/www.ukctuzla.ba\/ukctuzla\/index.php?rest_route=%2Fwp%2Fv2%2Ftags&post=1045"}],"curies":[{"name":"wp","href":"https:\/\/api.w.org\/{rel}","templated":true}]}}