{"id":1075,"date":"2015-10-28T06:50:53","date_gmt":"2015-10-28T06:50:53","guid":{"rendered":"http:\/\/10.0.0.65\/ukctuzla3\/?p=1075"},"modified":"2015-10-28T06:50:53","modified_gmt":"2015-10-28T06:50:53","slug":"28-10-2015","status":"publish","type":"post","link":"https:\/\/www.ukctuzla.ba\/ukctuzla\/?p=1075&lang=bs","title":{"rendered":"Premijer TK Bego Guti\u0107 sa saradnicima posjetio UKC Tuzla"},"content":{"rendered":"<p style=\"text-align: justify;\"><a href=\"images\/stories\/ukc\/vijesti\/2015\/Oktobar\/28.jpg\" target=\"_self\"><img loading=\"lazy\" decoding=\"async\" src=\"images\/stories\/ukc\/vijesti\/2015\/Oktobar\/28m.jpg\" border=\"0\" width=\"200\" height=\"133\" style=\"float: right; margin: 5px;\" \/><\/a>Delegacija Vlade Tuzlanskog kantona predvo\u0111ena premijerom Begom Guti\u0107em posjetila je Univerzitetski klini\u010dki centar Tuzla. Goste je primio direktor Univerzitetskog klini\u010dkog centra Tuzla, doc. dr. Ne\u0161ad Hoti\u0107 sa saradnicima, pomo\u0107nikom direktora za medicinske poslove prof. dr. Fahrijom Skoki\u0107, pomo\u0107nikom direktora za nau\u010dnoistra\u017eiva\u010dki rad akademikom prof. dr. Enverom Zeremom, pomo\u0107nikom direktora za pravne poslove Ervinom Mujki\u0107em, pomo\u0107nikom direktora za finansijske poslove Sabinom Nurdinovi\u0107 i pomo\u0107nikom direktora za sestrinstvo dipl. med. teh. Mirzom Jahi\u0107em. Sastanku je prisustvovala i predsjednica Upravnog odbora UKC Tuzla Munevera Be\u0107arevi\u0107.<\/p>\n<p>  <!--more-->  <\/p>\n<p style=\"text-align: justify;\">Tokom sastanka razgovaralo se o aktivnostima koje je UKC Tuzla u\u010dinio tokom proteklog perioda, ali i o planovima i aktivnostima koje planira realizirati.<\/p>\n<p>Direktor UKC Tuzla doc. dr. Ne\u0161ad Hoti\u0107 je prezentovao broj usluga i operativnih zahvata koje je Univerzitetski klini\u010dki centar pru\u017eio osiguranim, ali i neosiguranim licima, kao i povratnicima. Tako\u0111er, prezentirao je i nove procedure koje su implementirane na klinikama. Direktor Hoti\u0107 gostima je predo\u010dio i planove za daljnji razvoj Univerzitetskog klini\u010dkog centra Tuzla govore\u0107i o realizovanim aktivnostima na izgradnji i adaptaciji postoje\u0107ih objekata, ali i planovima o rje\u0161avanju utopljavanja objekta Gradina, kao i izmjeni kompletnte postoje\u0107e stolarije pomenutog objekta. U svom izlaganju direktor je pomenuo i izgradnju Urgentnog centra. <\/p>\n<p>Premijer TK Bego Guti\u0107 je naglasio da menad\u017ement UKC Tuzla ima punu podr\u0161ku Vlade TK, jer ostvaruje pozitivne rezultate. \u201cUKC Tuzla je u posljednje dvije godine stabiliziran i bilje\u017ei dobre finansijske rezultate, iako jo\u0161 uvijek postoji problem sa naslje\u0111enim deficitom od oko 45 miliona KM. Tako\u0111er, moram ista\u0107i da UKC Tuzla u odnosu na druge zdravstvene institucije u Federaciji BiH bilje\u017ei najbolje rezultate poslovanja\u201d, rekao je premijer Guti\u0107 i dodao da \u0107e Vlada TK pomo\u0107i u realizaciji izgradnje Urgentnog centra i rje\u0161avanja problema sa neosiguranim licima. <\/p>\n<p>Tema sastanka su bili i zavr\u0161etak i objavljivanje bolni\u010dke liste lijekova, finansiranje zdravstvene za\u0161tite neosiguranih lica, finansiranje investicijskog odr\u017eavanja na UKC Tuzla, kao i 100 % isplata po osnovu potpisanog ugovora izme\u0111u UKC Tuzla i Zavoda zdravstvenog osiguranja TK. <\/p>\n<p>Uz premijera TK Begu Guti\u0107a u posjeti UKC Tuzla boravili su ministar zdravstva TK Elvis Bekti\u0107, ministrica za rad, socijalnu politiku i povratak Danijela Simi\u0107, savjetnik premijera TK Miralem Nuhanovi\u0107, direktorica Zavoda zdravstvenog osiguranja TK Almira Huri\u0107 i direktorica Zavoda za javno zdravstvo Maida Muli\u0107.<\/p>\n<p>\u00a0<\/p>\n<p>\u00a0<\/p>\n<p>\u00a0<\/p>\n","protected":false},"excerpt":{"rendered":"<p>Delegacija Vlade Tuzlanskog kantona predvo\u0111ena premijerom Begom Guti\u0107em posjetila je Univerzitetski klini\u010dki centar Tuzla. Goste je primio direktor Univerzitetskog klini\u010dkog centra Tuzla, doc. dr. Ne\u0161ad Hoti\u0107 sa saradnicima, pomo\u0107nikom direktora za medicinske poslove prof. dr. Fahrijom Skoki\u0107, pomo\u0107nikom direktora za nau\u010dnoistra\u017eiva\u010dki rad akademikom prof. dr. Enverom Zeremom, pomo\u0107nikom direktora za pravne poslove Ervinom Mujki\u0107em, pomo\u0107nikom&hellip;<\/p>\n","protected":false},"author":1,"featured_media":16294,"comment_status":"closed","ping_status":"open","sticky":false,"template":"","format":"standard","meta":{"footnotes":""},"categories":[54],"tags":[],"class_list":["post-1075","post","type-post","status-publish","format-standard","has-post-thumbnail","hentry","category-sample-data-articles","category-54","description-off"],"_links":{"self":[{"href":"https:\/\/www.ukctuzla.ba\/ukctuzla\/index.php?rest_route=\/wp\/v2\/posts\/1075","targetHints":{"allow":["GET"]}}],"collection":[{"href":"https:\/\/www.ukctuzla.ba\/ukctuzla\/index.php?rest_route=\/wp\/v2\/posts"}],"about":[{"href":"https:\/\/www.ukctuzla.ba\/ukctuzla\/index.php?rest_route=\/wp\/v2\/types\/post"}],"author":[{"embeddable":true,"href":"https:\/\/www.ukctuzla.ba\/ukctuzla\/index.php?rest_route=\/wp\/v2\/users\/1"}],"replies":[{"embeddable":true,"href":"https:\/\/www.ukctuzla.ba\/ukctuzla\/index.php?rest_route=%2Fwp%2Fv2%2Fcomments&post=1075"}],"version-history":[{"count":0,"href":"https:\/\/www.ukctuzla.ba\/ukctuzla\/index.php?rest_route=\/wp\/v2\/posts\/1075\/revisions"}],"wp:featuredmedia":[{"embeddable":true,"href":"https:\/\/www.ukctuzla.ba\/ukctuzla\/index.php?rest_route=\/wp\/v2\/media\/16294"}],"wp:attachment":[{"href":"https:\/\/www.ukctuzla.ba\/ukctuzla\/index.php?rest_route=%2Fwp%2Fv2%2Fmedia&parent=1075"}],"wp:term":[{"taxonomy":"category","embeddable":true,"href":"https:\/\/www.ukctuzla.ba\/ukctuzla\/index.php?rest_route=%2Fwp%2Fv2%2Fcategories&post=1075"},{"taxonomy":"post_tag","embeddable":true,"href":"https:\/\/www.ukctuzla.ba\/ukctuzla\/index.php?rest_route=%2Fwp%2Fv2%2Ftags&post=1075"}],"curies":[{"name":"wp","href":"https:\/\/api.w.org\/{rel}","templated":true}]}}