{"id":1103,"date":"2015-12-11T12:44:23","date_gmt":"2015-12-11T12:44:23","guid":{"rendered":"http:\/\/10.0.0.65\/ukctuzla3\/?p=1103"},"modified":"2016-03-02T11:09:48","modified_gmt":"2016-03-02T11:09:48","slug":"odrzana-konferencija-za-novinare-povodom-desetih-tuzlanskih-neuroloskih-susreta","status":"publish","type":"post","link":"https:\/\/www.ukctuzla.ba\/ukctuzla\/?p=1103&lang=bs","title":{"rendered":"Odr\u017eana konferencija za novinare povodom Desetih tuzlanskih neurolo\u0161kih susreta"},"content":{"rendered":"<p style=\"text-align: justify;\"><a href=\"images\/stories\/ukc\/vijesti\/2015\/Decembar\/11v.JPG\"><img decoding=\"async\" style=\"float: right; border: 0; margin: 0px 5px 0px 5px;\" src=\"images\/stories\/ukc\/vijesti\/2015\/Decembar\/11.JPG\" alt=\"\" border=\"0\" \/><\/a>Deseti tuzlanski neurolo\u0161ki susreti posve\u0107eni Mostaru i mostarskoj neurologiji odr\u017eat \u0107e se 12. decembra 2015. godine u Dramar centru u Tuzli, pod pokroviteljstvom Akademije medicinskih nauka Bosne i Hercegovine, a u organizaciji Klinike za neurologiju UKC Tuzla, Udru\u017eenja neurologa Tuzlanskog kantona i Medicinskog fakulteta Univerziteta u Tuzli. U cilju informisanja javnosti o edukativnom doga\u0111aju i temama o kojima \u0107e govoriti uva\u017eeni stru\u010dnjaci, danas je na Klinici za neurologiju odr\u017eana konferencija za novinare.<\/p>\n<p><!--more--><\/p>\n<p style=\"text-align: justify;\">Tom prilikom je prof. dr. Osman Sinanovi\u0107, na\u010delnik Klinike za neurologiju i predsjednik organizacionog odbora, istakao da \u0107e susreti biti prilika za sticanje novih znanja, ali i prilika za razmjenu iskustava u novim pristupima u dijagnostici i lije\u010denju.<\/p>\n<p>Prema rije\u010dima doc. dr. Mirjane Vidovi\u0107 na Desetim neurolo\u0161kim susretima bit \u0107e prezentovane teme o epilepsiji, mo\u017edanom udaru, multiploj sklerozi i psihofarmakoterapiji u lije\u010denju neurolo\u0161kih bolesnika. Predava\u010di na susretima \u0107e biti ljekari iz Klinike za neurologiju i Klinike za psihijatriju Sveu\u010dili\u0161ne klini\u010dke bolnice Mostar, kao i ljekari Odjela za neurologiju Kantonalne bolnice &#8220;Dr. Safet Muji\u0107&#8221;. Prof. dr. Vidovi\u0107 je ovom prilikom istakla da \u0107e me\u0111u predava\u010dima biti i eminentni stru\u010dnjaci iz Zagreba.<\/p>\n<p>Novinarima se obratila i glavna sestra Klinike za neurologiju, Alma Vuleta, koja je istakla da \u0107e stru\u010dni skup biti od velikog zna\u010daja u cilju unapre\u0111enja i obnavljanja znanja, \u0161to \u0107e doprinijeti razvoju i napredku sestrinske struke u oblasti neurologije.<\/p>\n<p>Konferencija za novinare je bila prilika i da se skrene pa\u017enja javnosti na u\u010destalost obolijevanja od mo\u017edanog udara i multiple skleroza, ali i na stigmu s kojom se suo\u010davaju oboljeli od epilepsije.<\/p>\n<p style=\"text-align: justify;\"><a href=\"images\/stories\/ukc\/vijesti\/2015\/Decembar\/9.pdf\" target=\"_blank\">Program (pdf)<\/a><\/p>\n<p>&nbsp;<\/p>\n<p>&nbsp;<\/p>\n<p>&nbsp;<\/p>\n","protected":false},"excerpt":{"rendered":"<p>Deseti tuzlanski neurolo\u0161ki susreti posve\u0107eni Mostaru i mostarskoj neurologiji odr\u017eat \u0107e se 12. decembra 2015. godine u Dramar centru u Tuzli, pod pokroviteljstvom Akademije medicinskih nauka Bosne i Hercegovine, a u organizaciji Klinike za neurologiju UKC Tuzla, Udru\u017eenja neurologa Tuzlanskog kantona i Medicinskog fakulteta Univerziteta u Tuzli. U cilju informisanja javnosti o edukativnom doga\u0111aju i&hellip;<\/p>\n","protected":false},"author":1,"featured_media":16294,"comment_status":"closed","ping_status":"open","sticky":false,"template":"","format":"standard","meta":{"footnotes":""},"categories":[11],"tags":[],"class_list":["post-1103","post","type-post","status-publish","format-standard","has-post-thumbnail","hentry","category-vijesti","category-11","description-off"],"_links":{"self":[{"href":"https:\/\/www.ukctuzla.ba\/ukctuzla\/index.php?rest_route=\/wp\/v2\/posts\/1103","targetHints":{"allow":["GET"]}}],"collection":[{"href":"https:\/\/www.ukctuzla.ba\/ukctuzla\/index.php?rest_route=\/wp\/v2\/posts"}],"about":[{"href":"https:\/\/www.ukctuzla.ba\/ukctuzla\/index.php?rest_route=\/wp\/v2\/types\/post"}],"author":[{"embeddable":true,"href":"https:\/\/www.ukctuzla.ba\/ukctuzla\/index.php?rest_route=\/wp\/v2\/users\/1"}],"replies":[{"embeddable":true,"href":"https:\/\/www.ukctuzla.ba\/ukctuzla\/index.php?rest_route=%2Fwp%2Fv2%2Fcomments&post=1103"}],"version-history":[{"count":1,"href":"https:\/\/www.ukctuzla.ba\/ukctuzla\/index.php?rest_route=\/wp\/v2\/posts\/1103\/revisions"}],"predecessor-version":[{"id":1661,"href":"https:\/\/www.ukctuzla.ba\/ukctuzla\/index.php?rest_route=\/wp\/v2\/posts\/1103\/revisions\/1661"}],"wp:featuredmedia":[{"embeddable":true,"href":"https:\/\/www.ukctuzla.ba\/ukctuzla\/index.php?rest_route=\/wp\/v2\/media\/16294"}],"wp:attachment":[{"href":"https:\/\/www.ukctuzla.ba\/ukctuzla\/index.php?rest_route=%2Fwp%2Fv2%2Fmedia&parent=1103"}],"wp:term":[{"taxonomy":"category","embeddable":true,"href":"https:\/\/www.ukctuzla.ba\/ukctuzla\/index.php?rest_route=%2Fwp%2Fv2%2Fcategories&post=1103"},{"taxonomy":"post_tag","embeddable":true,"href":"https:\/\/www.ukctuzla.ba\/ukctuzla\/index.php?rest_route=%2Fwp%2Fv2%2Ftags&post=1103"}],"curies":[{"name":"wp","href":"https:\/\/api.w.org\/{rel}","templated":true}]}}