{"id":1107,"date":"2015-12-15T10:46:54","date_gmt":"2015-12-15T10:46:54","guid":{"rendered":"http:\/\/10.0.0.65\/ukctuzla3\/?p=1107"},"modified":"2015-12-15T10:46:54","modified_gmt":"2015-12-15T10:46:54","slug":"1-6-mliona-km-za-utopljavanje-gradine","status":"publish","type":"post","link":"https:\/\/www.ukctuzla.ba\/ukctuzla\/?p=1107&lang=bs","title":{"rendered":"1,6 miliona KM za \u201eutopljavanje\u201c \u201eGradine\u201c"},"content":{"rendered":"<p style=\"text-align: justify;\"><a href=\"images\/stories\/ukc\/vijesti\/2015\/Decembar\/15.JPG\" target=\"_blank\"><img loading=\"lazy\" decoding=\"async\" src=\"images\/stories\/ukc\/vijesti\/2015\/Decembar\/15m.jpg\" border=\"0\" width=\"200\" height=\"131\" style=\"float: right; margin: 5px;\" \/><\/a>Uskoro \u0107e po\u010deti radovi na utopljavanju najstarijeg objekta \u201eGradina\u201c na Univerzitetskom klini\u010dkom centru u Tuzli.\u00a0 Rezultat je to danas potpisanog Sporazuma o razumijevanju, kojim se reguliraju me\u0111usobni odnosi Vlade Tuzlanskog kantona, Federalnog ministarstva prostornog ure\u0111enja i JZU UKC Tuzla, a s ciljem implementacije mjera enerijske efikasnosti u tuzlanskom klini\u010dkom centru. Realizacija ovog projekta vrijednog oko 1,6 miliona KM rezultirat \u0107e zna\u010dajnom u\u0161tedom u potro\u0161nji energije u budu\u0107nosti, a pored toga, objekat \u201eGradina\u201c, u kojem su smje\u0161tene uglavnom hirur\u0161kih grane Klini\u010dkog centra, \u0107e dobiti potpuno novi i ljep\u0161i izgled.<\/p>\n<p>  <!--more-->  <\/p>\n<p style=\"text-align: justify;\">U okviru projekta na objektu \u0107e biti zamjenjeno preko 600 vrata i prozora, ura\u0111en krov sa termoizolacijom i unapre\u0111en sistem regulacije unutra\u0161nje temperature u objektu, te izvedena nova termoizolaciona fasada. <br \/>Radovi se finansiraju iz kreditnih sredstava za koji je Bosna i Hercegovina aplicirala kod Me\u0111unarodne banke za obnovu i razvoj za tro\u0161kove projekta &#8220;Energetska efikasnost u Bosni i Hercegovini&#8221;.<br \/>\u201eOvim se okon\u010dava dugotrajna procedura i konkretizuje rekonstrukcija objekta. Me\u0111utim, ovo je tek na\u0161a prva faza. U narednom periodu nastojat \u0107emo da u skorijoj budu\u0107nosti putem projekata obezijedimo i sredstva za zamjenu svih rasvjetnih tijela u objektu, savremenom i energijski u\u010dinkovitijom LED rasvjetom, kao i da izvr\u0161imo zamjenu radijatora na klini\u010dkom centru\u201c rekao je direktor UKC-a Ne\u0161ad Hoti\u0107.<br \/>Realizacijom ovog projekta Vlada daje dodatnu podr\u0161ku za stvaranje \u0161to boljih uslova za boravak pacijenata na na\u0161em klini\u010dkom centru, ali i za rad medicinskog osoblja.<br \/>\u201eVlada je svjesna zna\u010daja, uloge i potencijala na\u0161eg klini\u010dkog centra i s tim u vezi smo njegovom radu i osavremenjavanju do sada vi\u0161e puta i na razli\u010dite na\u010dine davali podr\u0161ku. Iz sredstava Zavoda zdravstvenog osiguranja smo za narednu godinu poseban akcenat dali boljem pozicioniranju UKC-a, realizaciji projekta Urgentnog centra, kao i planiranom upo\u0161ljavanju mladih doktora medicine\u201c rekao je premijer Guti\u0107. Dana\u0161nji Sporazum potpisali su premijer Tuzlanskog kantona Bego Guti\u0107 i direktor Univerzitetskog klini\u010dkog centra u Tuzli Ne\u0161ad Hoti\u0107.<br \/>\u201eDonedavna deklarativna podr\u0161ka Vlade UKC-u postala je konkretna i dana\u0161nja aktivnost je pokazatelj koliko se mo\u017ee kad se vizije poklope\u201c rekla je predsjednica Upravnog odbora UKC-a Tuzla Munevera Be\u0107arevi\u0107.<br \/>Rok izvo\u0111enja radova je 4 mjeseca od dana uvo\u0111enja izvo\u0111a\u010da radova u posao, a zna\u010dajno je ista\u0107i i da \u0107e cjelokupan posao izvr\u0161iti kompanije sa podru\u010dja na\u0161eg kantona.<br \/>Dana\u0161njem potpisivanju prisustvovali su i ministar zdravstva TK Bahrudin Had\u017eiefendi\u0107 i pomo\u0107nik direktora UKC-a za pravne poslove Ervin Mujki\u0107.<\/p>\n<p>Odjeljenje za informisanje Vlade TK<\/p>\n","protected":false},"excerpt":{"rendered":"<p>Uskoro \u0107e po\u010deti radovi na utopljavanju najstarijeg objekta \u201eGradina\u201c na Univerzitetskom klini\u010dkom centru u Tuzli.\u00a0 Rezultat je to danas potpisanog Sporazuma o razumijevanju, kojim se reguliraju me\u0111usobni odnosi Vlade Tuzlanskog kantona, Federalnog ministarstva prostornog ure\u0111enja i JZU UKC Tuzla, a s ciljem implementacije mjera enerijske efikasnosti u tuzlanskom klini\u010dkom centru. Realizacija ovog projekta vrijednog oko&hellip;<\/p>\n","protected":false},"author":1,"featured_media":1657,"comment_status":"closed","ping_status":"open","sticky":false,"template":"","format":"standard","meta":{"footnotes":""},"categories":[54],"tags":[],"class_list":["post-1107","post","type-post","status-publish","format-standard","has-post-thumbnail","hentry","category-sample-data-articles","category-54","description-off"],"_links":{"self":[{"href":"https:\/\/www.ukctuzla.ba\/ukctuzla\/index.php?rest_route=\/wp\/v2\/posts\/1107","targetHints":{"allow":["GET"]}}],"collection":[{"href":"https:\/\/www.ukctuzla.ba\/ukctuzla\/index.php?rest_route=\/wp\/v2\/posts"}],"about":[{"href":"https:\/\/www.ukctuzla.ba\/ukctuzla\/index.php?rest_route=\/wp\/v2\/types\/post"}],"author":[{"embeddable":true,"href":"https:\/\/www.ukctuzla.ba\/ukctuzla\/index.php?rest_route=\/wp\/v2\/users\/1"}],"replies":[{"embeddable":true,"href":"https:\/\/www.ukctuzla.ba\/ukctuzla\/index.php?rest_route=%2Fwp%2Fv2%2Fcomments&post=1107"}],"version-history":[{"count":0,"href":"https:\/\/www.ukctuzla.ba\/ukctuzla\/index.php?rest_route=\/wp\/v2\/posts\/1107\/revisions"}],"wp:featuredmedia":[{"embeddable":true,"href":"https:\/\/www.ukctuzla.ba\/ukctuzla\/index.php?rest_route=\/wp\/v2\/media\/1657"}],"wp:attachment":[{"href":"https:\/\/www.ukctuzla.ba\/ukctuzla\/index.php?rest_route=%2Fwp%2Fv2%2Fmedia&parent=1107"}],"wp:term":[{"taxonomy":"category","embeddable":true,"href":"https:\/\/www.ukctuzla.ba\/ukctuzla\/index.php?rest_route=%2Fwp%2Fv2%2Fcategories&post=1107"},{"taxonomy":"post_tag","embeddable":true,"href":"https:\/\/www.ukctuzla.ba\/ukctuzla\/index.php?rest_route=%2Fwp%2Fv2%2Ftags&post=1107"}],"curies":[{"name":"wp","href":"https:\/\/api.w.org\/{rel}","templated":true}]}}