{"id":1127,"date":"2016-02-05T14:47:33","date_gmt":"2016-02-05T13:47:33","guid":{"rendered":"http:\/\/10.0.0.65\/ukctuzla3\/?p=1127"},"modified":"2016-03-09T15:30:59","modified_gmt":"2016-03-09T14:30:59","slug":"otkrivena-ploca-sa-nazivom-ulice-prof-dr-ibre-pasica","status":"publish","type":"post","link":"https:\/\/www.ukctuzla.ba\/ukctuzla\/?p=1127&lang=bs","title":{"rendered":"Otkrivena plo\u010da sa nazivom ulice prof. dr. Ibre Pa\u0161i\u0107a"},"content":{"rendered":"<p style=\"text-align: justify;\">U prisustvu \u010dlanova porodice, vije\u0107nika Gradskog vije\u0107a, zaposlenika Univerzitetskog klini\u010dkog centra Tuzla i nekolicine gra\u0111ana, direktor UKC Tuzla, doc. dr. Ne\u0161ad Hoti\u0107 i gradona\u010delnik grada Tuzle, gospodin Jasmin Imamovi\u0107 otkrili su plo\u010du sa nazivom ulice prof. dr. Ibre Pa\u0161i\u0107a.<br \/>\nOdlukom Gradskog vije\u0107a Tuzla, ulica koja od raskr\u0161\u0107a sa ulicom D\u017eindi\u0107 mahala, kod D\u017eindi\u0107ke d\u017eamije, vodi na sjever, pored UKC Tuzla na Gradini i nastavlja do izlaza iz kruga Univerzitetskog klini\u010dkog centra Tuzla na Gradini, kod Klinike za dje\u010dije bolesti, od danas nosi naziv \u201cULICA Prof. dr. IBRE PA\u0160I\u0106A\u201d.<\/p>\n<p><!--more--><\/p>\n<p style=\"text-align: justify;\">Prof. dr. Ibro Pa\u0161i\u0107 je bio jedan od utemeljitelja savremenog zdravstva u Tuzli i Bosni i Hercegovini. Bio je \u010dovjek velikih vizija i velike radne energije iz koje su nastale brojne vrijednosti kojim se ovaj grad danas ponosi. Kao vrsni lije\u010dnik internista, profesor Pa\u0161i\u0107 je objavio 141 nau\u010dni i stru\u010dni rad, tri ud\u017ebenika iz stru\u010dne medicine i dvije monografije. Bio je prvi na\u010delnik Interne klinike i jedan od incijatora za otvaranje Medicinskog fakulteta u Tuzli. Prof. dr. Ibro Pa\u0161i\u0107 bio je prvi dekan Medicinskog fakulteta u Tuzli od 1976. do 1982.godine, a funkciju rektora Univerziteta u Tuzli obavljao je od 1985. do kraja 1988. godine. Prof. dr. Ibro Pa\u0161i\u0107 je bio \u010dovjek koji je svojom osebujno\u0161\u0107u i radom ugradio sebe u vrijeme i prostor u kojem je \u017eivio.<br \/>\n\u201cProf. Pa\u0161i\u0107 je svojim radom zadu\u017eio sve starije i sada\u0161nje generacije na ovim prostorima i \u0161ire. Kao njegov student sje\u0107am se svakog predavanja, skoro svakog prikaza slu\u010daja oboljelih, a naro\u010dito mi je ostala u sje\u0107anju jedna re\u010denica sa prvog predavanja \u201cDobar doktor mora znati kucati na ma\u0161inu, jahati konja i biti pjesnik\u201d. Ta re\u010denica me u prvi mah zbunila, nije mi bila sasvim jasna, me\u0111utim rade\u0107i tokom ratnog perioda shvatio sam \u0161ta ta re\u010denica zapravo zna\u010di. Doktor mora stalno \u010ditati, u\u010dititi i dodatno se edukovati, mora u svakom trenutku biti spreman, do\u0107i do bolesnika i pru\u017eiti mu neophodnu pomo\u0107, a biti pjesnik, zna\u010di da mora imati toplu rije\u010d, blag prijem i visoku profesionalnost. Nadam se da \u0107e i dana\u0161nje generacije studenata i ljekara znati prepoznati iz ovih rije\u010di ono najbolje i da \u0107e nastaviti ondje gdje je profesor stao\u201d, rekao je na\u010delnik Klinike za interne bolesti UKC Tuzla, prof. dr. Denijal Tulumovi\u0107.<br \/>\nGradona\u010delnik Jasmin Imamovi\u0107 je ovom prilikom istakao da grad mora iskazati zahvalnost prema \u017eivotu i dijelu prof. dr. Ibre Pa\u0161i\u0107a, te da je vrlo va\u017eno da ovaj humani, po\u0161teni i uspje\u0161ni \u010dovjek, kako je rekao gradona\u010delnik Imamovi\u0107, postane uzor budu\u0107ih generacija i to ne samo lije\u010dnika, nego svih gra\u0111ana Tuzle.<br \/>\nDirektor Univerzitetskog klini\u010dkog centra Tuzla, doc. dr. Ne\u0161ad Hoti\u0107 je iskazao veliko zadovoljstvo zbog odluke da ulica u kojoj se nalazi Univerzitetski klini\u010dki centar Tuzla nosi ime profesora dr. Ibre Pa\u0161i\u0107a. Doc. dr. Hoti\u0107 je rekao da je imao veliku privilegiju da u\u010di i sara\u0111uje sa \u010dovjekom \u0161iroke op\u0161te i medicinske kulture, kojeg smatra izuzetnim \u010dovjekom i izvanrednim u\u010diteljem.<br \/>\nOtkrivanju plo\u010de sa nazivom ulice prof. dr. Ibre Pa\u0161i\u0107a prisustvovali su i \u010dlanovi porodice Pa\u0161i\u0107. Sin prof. dr. Ibre Pa\u0161i\u0107a, prof. dr. Fuad Pa\u0161i\u0107, se zahvalio svima koji su podr\u017eali ideju da ulica dobije naziv po imenu njegovog oca i na taj na\u010din doprinijeli da se ne zaboravi lik i djelo prof. dr. Ibre Pa\u0161i\u0107a. \u201cOvo je stvarno veliki doga\u0111aj za porodicu Pa\u0161i\u0107, naro\u010dito za moju sestru i mene. O\u010dekivao sam da \u0107e se ovo desiti mo\u017eda i malo ranije, ali nikad nije kasno. Zahvalio bi se gospodinu Savi Ili\u0107u, koji je dao ideju i svima koji su je podr\u017eali\u201d, rekao je prof. dr. Pa\u0161i\u0107.<\/p>\n","protected":false},"excerpt":{"rendered":"<p>U prisustvu \u010dlanova porodice, vije\u0107nika Gradskog vije\u0107a, zaposlenika Univerzitetskog klini\u010dkog centra Tuzla i nekolicine gra\u0111ana, direktor UKC Tuzla, doc. dr. Ne\u0161ad Hoti\u0107 i gradona\u010delnik grada Tuzle, gospodin Jasmin Imamovi\u0107 otkrili su plo\u010du sa nazivom ulice prof. dr. Ibre Pa\u0161i\u0107a. Odlukom Gradskog vije\u0107a Tuzla, ulica koja od raskr\u0161\u0107a sa ulicom D\u017eindi\u0107 mahala, kod D\u017eindi\u0107ke d\u017eamije, vodi&hellip;<\/p>\n","protected":false},"author":1,"featured_media":16294,"comment_status":"closed","ping_status":"open","sticky":false,"template":"","format":"standard","meta":{"footnotes":""},"categories":[11],"tags":[],"class_list":["post-1127","post","type-post","status-publish","format-standard","has-post-thumbnail","hentry","category-vijesti","category-11","description-off"],"_links":{"self":[{"href":"https:\/\/www.ukctuzla.ba\/ukctuzla\/index.php?rest_route=\/wp\/v2\/posts\/1127","targetHints":{"allow":["GET"]}}],"collection":[{"href":"https:\/\/www.ukctuzla.ba\/ukctuzla\/index.php?rest_route=\/wp\/v2\/posts"}],"about":[{"href":"https:\/\/www.ukctuzla.ba\/ukctuzla\/index.php?rest_route=\/wp\/v2\/types\/post"}],"author":[{"embeddable":true,"href":"https:\/\/www.ukctuzla.ba\/ukctuzla\/index.php?rest_route=\/wp\/v2\/users\/1"}],"replies":[{"embeddable":true,"href":"https:\/\/www.ukctuzla.ba\/ukctuzla\/index.php?rest_route=%2Fwp%2Fv2%2Fcomments&post=1127"}],"version-history":[{"count":4,"href":"https:\/\/www.ukctuzla.ba\/ukctuzla\/index.php?rest_route=\/wp\/v2\/posts\/1127\/revisions"}],"predecessor-version":[{"id":1768,"href":"https:\/\/www.ukctuzla.ba\/ukctuzla\/index.php?rest_route=\/wp\/v2\/posts\/1127\/revisions\/1768"}],"wp:featuredmedia":[{"embeddable":true,"href":"https:\/\/www.ukctuzla.ba\/ukctuzla\/index.php?rest_route=\/wp\/v2\/media\/16294"}],"wp:attachment":[{"href":"https:\/\/www.ukctuzla.ba\/ukctuzla\/index.php?rest_route=%2Fwp%2Fv2%2Fmedia&parent=1127"}],"wp:term":[{"taxonomy":"category","embeddable":true,"href":"https:\/\/www.ukctuzla.ba\/ukctuzla\/index.php?rest_route=%2Fwp%2Fv2%2Fcategories&post=1127"},{"taxonomy":"post_tag","embeddable":true,"href":"https:\/\/www.ukctuzla.ba\/ukctuzla\/index.php?rest_route=%2Fwp%2Fv2%2Ftags&post=1127"}],"curies":[{"name":"wp","href":"https:\/\/api.w.org\/{rel}","templated":true}]}}