{"id":11607,"date":"2021-11-22T13:56:41","date_gmt":"2021-11-22T12:56:41","guid":{"rendered":"http:\/\/www.ukctuzla.ba\/ukctuzla\/?p=11607"},"modified":"2021-11-22T13:56:41","modified_gmt":"2021-11-22T12:56:41","slug":"donacija-savremenog-digitalnog-rendgena","status":"publish","type":"post","link":"https:\/\/www.ukctuzla.ba\/ukctuzla\/?p=11607&lang=bs","title":{"rendered":"Donacija savremenog digitalnog rendgena"},"content":{"rendered":"<p style=\"text-align: justify;\">Klinika za radiologiju i nuklearnu medicinu UKC Tuzla dobila je vrijednu donaciju u vidu savremenog digitalnog rendgen ure\u0111aja. Donacija je realizovana preko UNDP-a BiH, dok je finansijska sredstva obezbijedila Vlada Tuzlanskog kantona.<\/p>\n<p style=\"text-align: justify;\">Na donaciji se zahvalio prim. doc. dr. med. sc. Alen Kameri\u0107, direktor Univerzitetskog klini\u010dkog centra Tuzla. &#8220;Dana\u0161nja donacija u vidu savremenog digitalni rendgen ure\u0111aja za nas ima posebnu vrijednost jer \u0107e znatno unaprijediti rad svim na\u0161im radiolozima, a samim tim i olak\u0161ati pristup pacijentima za sve one pretrage koje su eventualno \u010dekali&#8221;, istakao je prim. doc. dr. Kameri\u0107.<\/p>\n<p style=\"text-align: justify;\">Zadovoljstvo donacijom iskazao je i dr. Samir Cipurkovi\u0107, V. D. na\u010delnika Klinike za radiologiju i nuklearnu medicinu Univerzitetskog klini\u010dkog centra Tuzla. &#8220;Ovo je prvi digitalni rendgen aparat u na\u0161oj ustanovi koji \u0107e u velikoj mjeri ubrzati proces snimanja pacijenata, dok \u0107e na\u0161i uposlenici br\u017ee i lak\u0161e raditi odre\u0111enu radiolo\u0161ku dijagnostiku, a ljekari na odjeljenjima br\u017ee i kvalitetnije dobivati radiolo\u0161ke snimke&#8221;, rekao je dr. Cipurkovi\u0107.<\/p>\n","protected":false},"excerpt":{"rendered":"<p>Klinika za radiologiju i nuklearnu medicinu UKC Tuzla dobila je vrijednu donaciju u vidu savremenog digitalnog rendgen ure\u0111aja. Donacija je realizovana preko UNDP-a BiH, dok je finansijska sredstva obezbijedila Vlada Tuzlanskog kantona. Na donaciji se zahvalio prim. doc. dr. med. sc. Alen Kameri\u0107, direktor Univerzitetskog klini\u010dkog centra Tuzla. &#8220;Dana\u0161nja donacija u vidu savremenog digitalni rendgen&hellip;<\/p>\n","protected":false},"author":2,"featured_media":11608,"comment_status":"closed","ping_status":"open","sticky":false,"template":"","format":"standard","meta":{"footnotes":""},"categories":[11],"tags":[],"class_list":["post-11607","post","type-post","status-publish","format-standard","has-post-thumbnail","hentry","category-vijesti","category-11","description-off"],"_links":{"self":[{"href":"https:\/\/www.ukctuzla.ba\/ukctuzla\/index.php?rest_route=\/wp\/v2\/posts\/11607","targetHints":{"allow":["GET"]}}],"collection":[{"href":"https:\/\/www.ukctuzla.ba\/ukctuzla\/index.php?rest_route=\/wp\/v2\/posts"}],"about":[{"href":"https:\/\/www.ukctuzla.ba\/ukctuzla\/index.php?rest_route=\/wp\/v2\/types\/post"}],"author":[{"embeddable":true,"href":"https:\/\/www.ukctuzla.ba\/ukctuzla\/index.php?rest_route=\/wp\/v2\/users\/2"}],"replies":[{"embeddable":true,"href":"https:\/\/www.ukctuzla.ba\/ukctuzla\/index.php?rest_route=%2Fwp%2Fv2%2Fcomments&post=11607"}],"version-history":[{"count":1,"href":"https:\/\/www.ukctuzla.ba\/ukctuzla\/index.php?rest_route=\/wp\/v2\/posts\/11607\/revisions"}],"predecessor-version":[{"id":11609,"href":"https:\/\/www.ukctuzla.ba\/ukctuzla\/index.php?rest_route=\/wp\/v2\/posts\/11607\/revisions\/11609"}],"wp:featuredmedia":[{"embeddable":true,"href":"https:\/\/www.ukctuzla.ba\/ukctuzla\/index.php?rest_route=\/wp\/v2\/media\/11608"}],"wp:attachment":[{"href":"https:\/\/www.ukctuzla.ba\/ukctuzla\/index.php?rest_route=%2Fwp%2Fv2%2Fmedia&parent=11607"}],"wp:term":[{"taxonomy":"category","embeddable":true,"href":"https:\/\/www.ukctuzla.ba\/ukctuzla\/index.php?rest_route=%2Fwp%2Fv2%2Fcategories&post=11607"},{"taxonomy":"post_tag","embeddable":true,"href":"https:\/\/www.ukctuzla.ba\/ukctuzla\/index.php?rest_route=%2Fwp%2Fv2%2Ftags&post=11607"}],"curies":[{"name":"wp","href":"https:\/\/api.w.org\/{rel}","templated":true}]}}