{"id":11821,"date":"2021-12-31T11:23:14","date_gmt":"2021-12-31T10:23:14","guid":{"rendered":"http:\/\/www.ukctuzla.ba\/ukctuzla\/?p=11821"},"modified":"2021-12-31T11:58:11","modified_gmt":"2021-12-31T10:58:11","slug":"dodjeljena-priznanja-za-izuzetno-zalaganje-u-suzbijanju-i-lijecenju-covid-19-infekcije","status":"publish","type":"post","link":"https:\/\/www.ukctuzla.ba\/ukctuzla\/?p=11821&lang=bs","title":{"rendered":"Dodjeljena priznanja za izuzetno zalaganje u suzbijanju i lije\u010denju COVID-19 infekcije"},"content":{"rendered":"<p style=\"text-align: justify;\"><a href=\"https:\/\/www.ukctuzla.ba\/ukctuzla\/wp-content\/uploads\/2021\/12\/Dodjela-priznanja-2021-33112.jpg\"><img loading=\"lazy\" decoding=\"async\" class=\"size-medium wp-image-11822 alignright\" src=\"https:\/\/www.ukctuzla.ba\/ukctuzla\/wp-content\/uploads\/2021\/12\/Dodjela-priznanja-2021-33112-300x123.jpg\" alt=\"\" width=\"300\" height=\"123\" srcset=\"https:\/\/www.ukctuzla.ba\/ukctuzla\/wp-content\/uploads\/2021\/12\/Dodjela-priznanja-2021-33112-300x123.jpg 300w, https:\/\/www.ukctuzla.ba\/ukctuzla\/wp-content\/uploads\/2021\/12\/Dodjela-priznanja-2021-33112-768x314.jpg 768w, https:\/\/www.ukctuzla.ba\/ukctuzla\/wp-content\/uploads\/2021\/12\/Dodjela-priznanja-2021-33112-1024x418.jpg 1024w, https:\/\/www.ukctuzla.ba\/ukctuzla\/wp-content\/uploads\/2021\/12\/Dodjela-priznanja-2021-33112.jpg 1600w\" sizes=\"auto, (max-width: 300px) 100vw, 300px\" \/><\/a>Na sve\u010danom prijemu koji je uprili\u010dio direktor JZU UKC Tuzla, prim. doc. dr. med. sc. Alen Kameri\u0107, dodijeljena su priznanja za izuzetno zalaganje u suzbijanju i lije\u010denju COVID-19 infekcije. Dobitnici priznanja su posthumno prof. dr. med. sc. Sead Jamakosmanovi\u0107, prof. dr. med. sc. Suvad Dedi\u0107, dr Jovan Petkovi\u0107, dr Izmir Sijer\u010di\u0107, dr Adnan Burina, te medicinske sestare Senada Hod\u017ei\u0107 i Nevzeta Oki\u0107. Priznanja su uru\u010dena porodicama pomenutih zaposlenika UKC Tuzla koji su preminuli od posljedica uzrokovanih pandemijom COVID -19. Priznanja su dodjeljena i Svjetskoj banci u Bosni i Hercegovini, Evropskoj uniji, UNDP-u, predsjedniku Skup\u0161tine TK Sla\u0111anu Ili\u0107u, premijeru TK Kadriji Hod\u017ei\u0107u, gradona\u010delniku Tuzle Jasminu Imamovi\u0107u i ministaru zdravstva Bo\u017ei Juri\u0107u, kao zaslu\u017enim pojedincima i institucijama za zalaganje u suzbijanju i lije\u010denju COVID-19 infekcije.<\/p>\n<p>Sve\u010danom prijemu pored direktora UKC Tuzla prisustvovali su pomo\u0107nik direktora za medicinske poslove, doc. dr. med. sc. Bahrudin Had\u017eiefendi\u0107, pomo\u0107nik direktora za nastavu i nau\u010dnoistra\u017eiva\u010dki rad, prof. dr. med. sc. \u0160efik Hasuki\u0107 i pomo\u0107nik direktora za sestrinstvo, magistar sestrinstva \u0160efik Husi\u0107.<\/p>\n<p style=\"text-align: justify;\">Prema rije\u010dima direktora Univerzitetskog klini\u010dkog centra Tuzla, prim. doc. dr. med. sc. Alena Kameri\u0107a, 2021. godina je bila izuzetno te\u0161ka, obilje\u017eena pandemijom Covid-19, ali se nastojalo u svakom trenutku biti na raspolaganju gra\u0111anima TK, pa i \u0161ire. Gledaju\u0107i globalno svi zaposlenici UKC Tuzla dali su svoj maksimalni doprinos u lije\u010denju oboljelih. \u201eOsam na\u0161ih ljekara i dvije medicinske sestre su na\u017ealost izgubile bitku u borbi protiv COVID-a 19 \u017ertvuju\u0107i svoj \u017eivot da bi spasili druge i dodjelom ovih priznanja mi smo \u017eeljeli odati duboku zahvalnost, ali i priznanje za sav trud i sve \u0161to su pru\u017eili da bi spasili neki nepoznati \u017eivot i obezbijedili mogu\u0107nost da na\u0161i pacijenti dobiju sigurnost i kvalitetnu njegu i da se na kraju i izlije\u010de\u201d, rekao je direktor Kameri\u0107.<\/p>\n<p>Predsjednik Skup\u0161tine TK, Sla\u0111an Ili\u0107 je u ime Skup\u0161tine i svoje vlastito ime izrazio po\u0161tovanje i po\u010dast preminulim uposlenicima Univerzitetskog klini\u010dkog centra Tuzla. \u201eMoram re\u0107i da \u0107e Skup\u0161tina TK zajedno s Vladom TK i u narednom periodu davati doprinos u razvoju Univerzitetskog klini\u010dkog centra Tuzla kako bi unaprijedili zdravstveni sistem\u201d, rekao je predsjednik Skup\u0161tine TK.<\/p>\n<p style=\"text-align: justify;\">Direktor UKC Tuzla po\u017eelio je svim zaposlenicima UKC Tuzla i gra\u0111anima Tuzlanskog kantona sretnu Novu godinu, sa \u017eeljom i nadom da epidemiolo\u0161ka situacija u 2022. godini bude povoljnija.<\/p>\n","protected":false},"excerpt":{"rendered":"<p>Na sve\u010danom prijemu koji je uprili\u010dio direktor JZU UKC Tuzla, prim. doc. dr. med. sc. Alen Kameri\u0107, dodijeljena su priznanja za izuzetno zalaganje u suzbijanju i lije\u010denju COVID-19 infekcije. Dobitnici priznanja su posthumno prof. dr. med. sc. Sead Jamakosmanovi\u0107, prof. dr. med. sc. Suvad Dedi\u0107, dr Jovan Petkovi\u0107, dr Izmir Sijer\u010di\u0107, dr Adnan Burina, te&hellip;<\/p>\n","protected":false},"author":2,"featured_media":11828,"comment_status":"closed","ping_status":"open","sticky":false,"template":"","format":"standard","meta":{"footnotes":""},"categories":[11],"tags":[],"class_list":["post-11821","post","type-post","status-publish","format-standard","has-post-thumbnail","hentry","category-vijesti","category-11","description-off"],"_links":{"self":[{"href":"https:\/\/www.ukctuzla.ba\/ukctuzla\/index.php?rest_route=\/wp\/v2\/posts\/11821","targetHints":{"allow":["GET"]}}],"collection":[{"href":"https:\/\/www.ukctuzla.ba\/ukctuzla\/index.php?rest_route=\/wp\/v2\/posts"}],"about":[{"href":"https:\/\/www.ukctuzla.ba\/ukctuzla\/index.php?rest_route=\/wp\/v2\/types\/post"}],"author":[{"embeddable":true,"href":"https:\/\/www.ukctuzla.ba\/ukctuzla\/index.php?rest_route=\/wp\/v2\/users\/2"}],"replies":[{"embeddable":true,"href":"https:\/\/www.ukctuzla.ba\/ukctuzla\/index.php?rest_route=%2Fwp%2Fv2%2Fcomments&post=11821"}],"version-history":[{"count":3,"href":"https:\/\/www.ukctuzla.ba\/ukctuzla\/index.php?rest_route=\/wp\/v2\/posts\/11821\/revisions"}],"predecessor-version":[{"id":11825,"href":"https:\/\/www.ukctuzla.ba\/ukctuzla\/index.php?rest_route=\/wp\/v2\/posts\/11821\/revisions\/11825"}],"wp:featuredmedia":[{"embeddable":true,"href":"https:\/\/www.ukctuzla.ba\/ukctuzla\/index.php?rest_route=\/wp\/v2\/media\/11828"}],"wp:attachment":[{"href":"https:\/\/www.ukctuzla.ba\/ukctuzla\/index.php?rest_route=%2Fwp%2Fv2%2Fmedia&parent=11821"}],"wp:term":[{"taxonomy":"category","embeddable":true,"href":"https:\/\/www.ukctuzla.ba\/ukctuzla\/index.php?rest_route=%2Fwp%2Fv2%2Fcategories&post=11821"},{"taxonomy":"post_tag","embeddable":true,"href":"https:\/\/www.ukctuzla.ba\/ukctuzla\/index.php?rest_route=%2Fwp%2Fv2%2Ftags&post=11821"}],"curies":[{"name":"wp","href":"https:\/\/api.w.org\/{rel}","templated":true}]}}