{"id":13777,"date":"2023-02-14T13:17:41","date_gmt":"2023-02-14T12:17:41","guid":{"rendered":"http:\/\/www.ukctuzla.ba\/ukctuzla\/?p=13777"},"modified":"2023-02-14T13:18:40","modified_gmt":"2023-02-14T12:18:40","slug":"obiljezen-svjetski-dan-bolesnika","status":"publish","type":"post","link":"https:\/\/www.ukctuzla.ba\/ukctuzla\/?p=13777&lang=bs","title":{"rendered":"Obilje\u017een Svjetski dan bolesnika"},"content":{"rendered":"<p style=\"text-align: justify;\">U cilju obilje\u017eavanja 11. februara, Svjetskog dana bolesnika, predstavnici i volonteri Crvenog kri\u017ea\/krsta Tuzla posjetili su Kliniku za plu\u0107ne bolesti Univerzitetskog klini\u010dkog centra Tuzla i tom prilikom pacijentima na bolni\u010dkom lije\u010denju podijelili pakete prigodnog sadr\u017eaja.<\/p>\n<p style=\"text-align: justify;\">&#8220;Lijepa je gesta Crvenog kri\u017ea Tuzla da povodom Svjetskog dana bolesnika u fokus postavlja pacijenta, a svi smo mi u nekom periodu bili ili \u0107emo biti pacijenti i ovaj dan je prilika za podsje\u0107anje na prava koja svatko od nas ima kada se nalazi u ulozi bolesnika. Pored posjete bolesnicima namjera Crvenog kri\u017ea Tuzla je u fokus staviti i zdravstvene profesionalce, ali i ostale radnike koji se brinu o potrebama bolesnika, te na taj na\u010din ukazati na njihov zna\u010daj\u201d izjavio je mr. med. sc. D\u017eenan Halilovi\u0107, vd na\u010delnik Klinike za plu\u0107ne bolesti UKC Tuzla.<\/p>\n<p style=\"text-align: justify;\">Svjetski dan bolesnika 11. februar obilje\u017eava se u velikom broju zemalja u cilju podizanja svijesti javnosti o potrebama bolesnika. Obilje\u017eavanje ovog datuma utemeljio je papa Ivan Pavao II, 1992. godine, s namjerom da osim da potakne na razmi\u0161ljanje o potrebama bolesnih pokrene i dru\u0161tvene mehanizme za boljom zdravstvenom za\u0161titom.<\/p>\n","protected":false},"excerpt":{"rendered":"<p>U cilju obilje\u017eavanja 11. februara, Svjetskog dana bolesnika, predstavnici i volonteri Crvenog kri\u017ea\/krsta Tuzla posjetili su Kliniku za plu\u0107ne bolesti Univerzitetskog klini\u010dkog centra Tuzla i tom prilikom pacijentima na bolni\u010dkom lije\u010denju podijelili pakete prigodnog sadr\u017eaja. &#8220;Lijepa je gesta Crvenog kri\u017ea Tuzla da povodom Svjetskog dana bolesnika u fokus postavlja pacijenta, a svi smo mi u&hellip;<\/p>\n","protected":false},"author":2,"featured_media":13778,"comment_status":"closed","ping_status":"open","sticky":false,"template":"","format":"standard","meta":{"footnotes":""},"categories":[11],"tags":[],"class_list":["post-13777","post","type-post","status-publish","format-standard","has-post-thumbnail","hentry","category-vijesti","category-11","description-off"],"_links":{"self":[{"href":"https:\/\/www.ukctuzla.ba\/ukctuzla\/index.php?rest_route=\/wp\/v2\/posts\/13777","targetHints":{"allow":["GET"]}}],"collection":[{"href":"https:\/\/www.ukctuzla.ba\/ukctuzla\/index.php?rest_route=\/wp\/v2\/posts"}],"about":[{"href":"https:\/\/www.ukctuzla.ba\/ukctuzla\/index.php?rest_route=\/wp\/v2\/types\/post"}],"author":[{"embeddable":true,"href":"https:\/\/www.ukctuzla.ba\/ukctuzla\/index.php?rest_route=\/wp\/v2\/users\/2"}],"replies":[{"embeddable":true,"href":"https:\/\/www.ukctuzla.ba\/ukctuzla\/index.php?rest_route=%2Fwp%2Fv2%2Fcomments&post=13777"}],"version-history":[{"count":2,"href":"https:\/\/www.ukctuzla.ba\/ukctuzla\/index.php?rest_route=\/wp\/v2\/posts\/13777\/revisions"}],"predecessor-version":[{"id":13780,"href":"https:\/\/www.ukctuzla.ba\/ukctuzla\/index.php?rest_route=\/wp\/v2\/posts\/13777\/revisions\/13780"}],"wp:featuredmedia":[{"embeddable":true,"href":"https:\/\/www.ukctuzla.ba\/ukctuzla\/index.php?rest_route=\/wp\/v2\/media\/13778"}],"wp:attachment":[{"href":"https:\/\/www.ukctuzla.ba\/ukctuzla\/index.php?rest_route=%2Fwp%2Fv2%2Fmedia&parent=13777"}],"wp:term":[{"taxonomy":"category","embeddable":true,"href":"https:\/\/www.ukctuzla.ba\/ukctuzla\/index.php?rest_route=%2Fwp%2Fv2%2Fcategories&post=13777"},{"taxonomy":"post_tag","embeddable":true,"href":"https:\/\/www.ukctuzla.ba\/ukctuzla\/index.php?rest_route=%2Fwp%2Fv2%2Ftags&post=13777"}],"curies":[{"name":"wp","href":"https:\/\/api.w.org\/{rel}","templated":true}]}}