{"id":14024,"date":"2023-03-24T15:15:29","date_gmt":"2023-03-24T14:15:29","guid":{"rendered":"http:\/\/www.ukctuzla.ba\/ukctuzla\/?p=14024"},"modified":"2023-03-24T15:16:28","modified_gmt":"2023-03-24T14:16:28","slug":"najavljene-aktivnosti-kojima-ce-biti-obiljezen-svjetski-dan-podrske-oboljelim-od-epilepsije","status":"publish","type":"post","link":"https:\/\/www.ukctuzla.ba\/ukctuzla\/?p=14024&lang=bs","title":{"rendered":"Najavljene aktivnosti kojima \u0107e biti obilje\u017een Svjetski dan podr\u0161ke oboljelim od epilepsije"},"content":{"rendered":"<p style=\"text-align: justify;\"><a href=\"https:\/\/www.ukctuzla.ba\/ukctuzla\/wp-content\/uploads\/2023\/03\/Ljubicasti-dan-2023.jpg\"><img loading=\"lazy\" decoding=\"async\" class=\"size-medium wp-image-14026 alignright\" src=\"https:\/\/www.ukctuzla.ba\/ukctuzla\/wp-content\/uploads\/2023\/03\/Ljubicasti-dan-2023-205x300.jpg\" alt=\"\" width=\"205\" height=\"300\" srcset=\"https:\/\/www.ukctuzla.ba\/ukctuzla\/wp-content\/uploads\/2023\/03\/Ljubicasti-dan-2023-205x300.jpg 205w, https:\/\/www.ukctuzla.ba\/ukctuzla\/wp-content\/uploads\/2023\/03\/Ljubicasti-dan-2023-768x1124.jpg 768w, https:\/\/www.ukctuzla.ba\/ukctuzla\/wp-content\/uploads\/2023\/03\/Ljubicasti-dan-2023-700x1024.jpg 700w, https:\/\/www.ukctuzla.ba\/ukctuzla\/wp-content\/uploads\/2023\/03\/Ljubicasti-dan-2023.jpg 1093w\" sizes=\"auto, (max-width: 205px) 100vw, 205px\" \/><\/a>U povodu obilje\u017eavanja Dana podr\u0161ke oboljelima od epilepsije Klinika za neurologiju UKC Tuzla pridru\u017euje se svjetskoj zajednici u aktivnostima koje \u0107e biti sprovedene u cilju pru\u017eanja podr\u0161ke oboljelim.<\/p>\n<p style=\"text-align: justify;\">Tim povodom, danas je odr\u017eana konferencija za novinare na kojoj su najavljene planirane aktivnosti, ali i novinarima predstavljeni izazovi i problemi sa kojima se suo\u010davaju oboljeli od epilepsije i njihove porodice.<\/p>\n<p style=\"text-align: justify;\">Epilepsija je oboljenje koje je unato\u010d razvoju medicine i danas stigmatizirano zbog predrasuda. Pacijenti \u010desto i taje svoje oboljenje jer nailaze na nerazumjevanje i izoliranost od strane okoline u kojoj \u017eive. Stigma je duboko ukorijenjena u na\u0161oj tradicionalnoj svijesti, stoga cilj organizatora dana\u0161nje konferencije, ali i aktivnosti koje svake godine tradicionalno sprovode zaposlenici Klinike za neurologiju UKC Tuzla, jeste zdravstveno prosvje\u0107ivanje \u0161ire javnosti, ali i pru\u017eanje podr\u0161ke oboljelima kako bi ostvarili adekvatan kvalitet \u017eivota i bili ravnopravni \u010dlanovi dru\u0161tva.<\/p>\n<p style=\"text-align: justify;\">Prema rije\u010dima na\u010delnice Klinike za neurologiju UKC Tuzla, prof. dr. Aide \u0160ehanovi\u0107, epilepsija je naj\u010de\u0161\u0107i ozbiljni poreme\u0107aj mo\u017edane funkcije od koje boluje preko 6 miliona ljudi u Evropi, a svake godine se dijagnostikuje 300 hiljada novih slu\u010dajeva.<\/p>\n<p style=\"text-align: justify;\">&#8220;Prema Deklaraciji o epilepsiji koja je 2011. godine upu\u0107ena u Evropski parlament, uz ispravno lije\u010denje oko 70% osoba sa epilepsijom ne bi trebalo imati epilepti\u010dke napade. Me\u0111utim, 40% oboljelih u Evropi nema nikakvo ili ima neadekvatno lije\u010denje. Stigme i predrasude su jo\u0161 jako izra\u017eene, te veliki broj djece sa epilepsijom ima probleme u \u0161koli ili nakon toga pri zaposlenju&#8221;, istakla je prof. \u0160ehanovi\u0107.<\/p>\n<p>O Epilepsiji kao oboljenju, dijagnostici i lije\u010denju, ali i zna\u010daju edukacije, te ru\u0161enju stigmi govorila je prim. dr. med. sc. Larisa Kova\u010devi\u0107, \u0161ef Odjeljenja op\u0161te neurologije UKC Tuzla.<\/p>\n<p style=\"text-align: justify;\">Novinarima su se obratile i dr. Leila Avdi\u0107, specijalista neuropsihijatar i mr. med. sc. Lejla Zoni\u0107, specijalista neuropsihijatar, koje su predstavile aktivnosti kojim \u0107e ove godine Klinika za neurologiju obilje\u017eiti 26. mart &#8211; Svjetski dan podr\u0161ke oboljelim od epilepsije.<\/p>\n<p style=\"text-align: justify;\">Uz saradnju sa Dance studiom LaLuna, Klinika za neurologiju UKC Tuzla, u nedjelju, 26. marta 2023. godine, u Bingo City Centru od 12 sati, uz dru\u017eenje, ples i edukaciju obilje\u017eit \u0107e Svjetski dan podr\u0161ke oboljelim od epilepsije.<\/p>\n","protected":false},"excerpt":{"rendered":"<p>U povodu obilje\u017eavanja Dana podr\u0161ke oboljelima od epilepsije Klinika za neurologiju UKC Tuzla pridru\u017euje se svjetskoj zajednici u aktivnostima koje \u0107e biti sprovedene u cilju pru\u017eanja podr\u0161ke oboljelim. Tim povodom, danas je odr\u017eana konferencija za novinare na kojoj su najavljene planirane aktivnosti, ali i novinarima predstavljeni izazovi i problemi sa kojima se suo\u010davaju oboljeli od&hellip;<\/p>\n","protected":false},"author":2,"featured_media":14025,"comment_status":"closed","ping_status":"open","sticky":false,"template":"","format":"standard","meta":{"footnotes":""},"categories":[11],"tags":[],"class_list":["post-14024","post","type-post","status-publish","format-standard","has-post-thumbnail","hentry","category-vijesti","category-11","description-off"],"_links":{"self":[{"href":"https:\/\/www.ukctuzla.ba\/ukctuzla\/index.php?rest_route=\/wp\/v2\/posts\/14024","targetHints":{"allow":["GET"]}}],"collection":[{"href":"https:\/\/www.ukctuzla.ba\/ukctuzla\/index.php?rest_route=\/wp\/v2\/posts"}],"about":[{"href":"https:\/\/www.ukctuzla.ba\/ukctuzla\/index.php?rest_route=\/wp\/v2\/types\/post"}],"author":[{"embeddable":true,"href":"https:\/\/www.ukctuzla.ba\/ukctuzla\/index.php?rest_route=\/wp\/v2\/users\/2"}],"replies":[{"embeddable":true,"href":"https:\/\/www.ukctuzla.ba\/ukctuzla\/index.php?rest_route=%2Fwp%2Fv2%2Fcomments&post=14024"}],"version-history":[{"count":2,"href":"https:\/\/www.ukctuzla.ba\/ukctuzla\/index.php?rest_route=\/wp\/v2\/posts\/14024\/revisions"}],"predecessor-version":[{"id":14028,"href":"https:\/\/www.ukctuzla.ba\/ukctuzla\/index.php?rest_route=\/wp\/v2\/posts\/14024\/revisions\/14028"}],"wp:featuredmedia":[{"embeddable":true,"href":"https:\/\/www.ukctuzla.ba\/ukctuzla\/index.php?rest_route=\/wp\/v2\/media\/14025"}],"wp:attachment":[{"href":"https:\/\/www.ukctuzla.ba\/ukctuzla\/index.php?rest_route=%2Fwp%2Fv2%2Fmedia&parent=14024"}],"wp:term":[{"taxonomy":"category","embeddable":true,"href":"https:\/\/www.ukctuzla.ba\/ukctuzla\/index.php?rest_route=%2Fwp%2Fv2%2Fcategories&post=14024"},{"taxonomy":"post_tag","embeddable":true,"href":"https:\/\/www.ukctuzla.ba\/ukctuzla\/index.php?rest_route=%2Fwp%2Fv2%2Ftags&post=14024"}],"curies":[{"name":"wp","href":"https:\/\/api.w.org\/{rel}","templated":true}]}}