{"id":14170,"date":"2023-04-25T09:17:56","date_gmt":"2023-04-25T08:17:56","guid":{"rendered":"http:\/\/www.ukctuzla.ba\/ukctuzla\/?p=14170"},"modified":"2023-04-25T09:20:09","modified_gmt":"2023-04-25T08:20:09","slug":"centar-za-palijativnu-njegu-poceo-sa-radom-u-punom-kapacitetu","status":"publish","type":"post","link":"https:\/\/www.ukctuzla.ba\/ukctuzla\/?p=14170&lang=bs","title":{"rendered":"Centar za palijativnu njegu po\u010deo sa radom u punom kapacitetu"},"content":{"rendered":"<p>&nbsp;<\/p>\n<p>Od 2004. godine, kada je otvoren Centar za palijatvnu njegu u Univerzitetskom klini\u010dkom centru Tuzla, briga o te\u0161ko oboljelim pacijentima postala je dio zdravstvenog sistema.<br \/>\nCentar za palijativnu njegu i terapiju bola zbrinjava bolesnike sa tumorima u palijativnom stadijumu bolesti\u00a0 i bolesnike sa drugim te\u0161kim hroni\u010dnim, \u017eivotno ograni\u010davaju\u0107im bolestima.<br \/>\nPored navedenog Centar za palijativnu njegu ima ulogu i u psiholo\u0161koj potpori pacijenata i njegove porodice.<a href=\"https:\/\/www.ukctuzla.ba\/ukctuzla\/wp-content\/uploads\/2023\/04\/Centar-palijativne-njege-2023-1.jpg\"><img loading=\"lazy\" decoding=\"async\" class=\"size-medium wp-image-14174 alignright\" src=\"https:\/\/www.ukctuzla.ba\/ukctuzla\/wp-content\/uploads\/2023\/04\/Centar-palijativne-njege-2023-1-300x199.jpg\" alt=\"\" width=\"300\" height=\"199\" srcset=\"https:\/\/www.ukctuzla.ba\/ukctuzla\/wp-content\/uploads\/2023\/04\/Centar-palijativne-njege-2023-1-300x199.jpg 300w, https:\/\/www.ukctuzla.ba\/ukctuzla\/wp-content\/uploads\/2023\/04\/Centar-palijativne-njege-2023-1-768x510.jpg 768w, https:\/\/www.ukctuzla.ba\/ukctuzla\/wp-content\/uploads\/2023\/04\/Centar-palijativne-njege-2023-1.jpg 1000w\" sizes=\"auto, (max-width: 300px) 100vw, 300px\" \/><\/a><\/p>\n<p>Pojavom pandemije COVID-19, jedan dio prostornih kapaciteta Centra za palijativnu njegu UKC Tuzla, prilago\u0111en je potrebama Respiratornog centra u kojem su bili smje\u0161teni \u017eivotno ugro\u017eeni pacijenti zara\u017eeni koronavirusnom infekcijom.<\/p>\n<p>Nakon \u0161to su se stekli epidemiolo\u0161ki uslovi po pitanju broja oboljelih pacijenata od COVID-19 infekcije, menad\u017ement UKC Tuzla je u dogovoru sa stru\u010dnim vije\u0107em ustanove i Kriznim \u0161tabom donio odluku da se Respiratorni centar zatvori, a prostor vrati u prvobitno stanje.<br \/>\nUz pomo\u0107 Vlade TK, dru\u0161tveno odgovornih pojedinaca i kompanija prostor je adaptiran i vra\u0107en u stanje prije pandemije.<br \/>\nPrema rije\u010dima pomo\u0107nika direktora za medicinske poslove UKC Tuzla, doc. dr. Igora Hudi\u0107a tokom pandemije COVID-19 u Respiratornom centru je bilo smje\u0161teno preko 1200 \u017eivotno ugro\u017eenih pacijenata zara\u017eenih koronavirusom. \u201cNakon adaptacije prostora, u zadnjih mjesec dana, u Centru za palijativnu njegu UKC Tuzla zapo\u010deli smo sa prijemom onkolo\u0161kih pacijenata. Nastavljamo i stru\u010dnu saradnju sa drugim zdravstvenim centrima, ali i Medicinskim fakultetima u BiH\u201d, istakao je doc. dr. Hudi\u0107.<\/p>\n<p>Na\u010delnik Centra za palijativnu njegu i terapiju bola UKC Tuzla, prim. dr. Senad Izi\u0107 saop\u0161tio je da se u Centru trenutno nalazi osam pacijenata, a da je kapacitet Odjela palijativne njege le\u017ee\u0107ih bolesnika trinaest kreveta. &#8220;Radimo na zbrinjavanju pacijenata u terminalnoj fazi bolesti, prije svega onkolo\u0161kih pacijenata, poku\u0161avaju\u0107i im pru\u017eiti dostojanstveni mir i rije\u0161iti propratne simptome koji se javljaju kod pacijenata, te pomo\u0107i porodicama koji njeguju i brinu o tim pacijentima&#8221;, rekao je dr. Izi\u0107.<\/p>\n<p>Prema statisti\u010dkim podacima Centra za palijativnu njegu i terapiju bola UKC Tuzla, na godi\u0161njem nivou se hospitalizira oko 300 pacijenata i pru\u017ei vi\u0161e od 1000 specijalisti\u010dkih pregleda i usluga.<\/p>\n","protected":false},"excerpt":{"rendered":"<p>&nbsp; Od 2004. godine, kada je otvoren Centar za palijatvnu njegu u Univerzitetskom klini\u010dkom centru Tuzla, briga o te\u0161ko oboljelim pacijentima postala je dio zdravstvenog sistema. Centar za palijativnu njegu i terapiju bola zbrinjava bolesnike sa tumorima u palijativnom stadijumu bolesti\u00a0 i bolesnike sa drugim te\u0161kim hroni\u010dnim, \u017eivotno ograni\u010davaju\u0107im bolestima. Pored navedenog Centar za palijativnu&hellip;<\/p>\n","protected":false},"author":5,"featured_media":14171,"comment_status":"closed","ping_status":"open","sticky":false,"template":"","format":"standard","meta":{"footnotes":""},"categories":[11],"tags":[],"class_list":["post-14170","post","type-post","status-publish","format-standard","has-post-thumbnail","hentry","category-vijesti","category-11","description-off"],"_links":{"self":[{"href":"https:\/\/www.ukctuzla.ba\/ukctuzla\/index.php?rest_route=\/wp\/v2\/posts\/14170","targetHints":{"allow":["GET"]}}],"collection":[{"href":"https:\/\/www.ukctuzla.ba\/ukctuzla\/index.php?rest_route=\/wp\/v2\/posts"}],"about":[{"href":"https:\/\/www.ukctuzla.ba\/ukctuzla\/index.php?rest_route=\/wp\/v2\/types\/post"}],"author":[{"embeddable":true,"href":"https:\/\/www.ukctuzla.ba\/ukctuzla\/index.php?rest_route=\/wp\/v2\/users\/5"}],"replies":[{"embeddable":true,"href":"https:\/\/www.ukctuzla.ba\/ukctuzla\/index.php?rest_route=%2Fwp%2Fv2%2Fcomments&post=14170"}],"version-history":[{"count":2,"href":"https:\/\/www.ukctuzla.ba\/ukctuzla\/index.php?rest_route=\/wp\/v2\/posts\/14170\/revisions"}],"predecessor-version":[{"id":14175,"href":"https:\/\/www.ukctuzla.ba\/ukctuzla\/index.php?rest_route=\/wp\/v2\/posts\/14170\/revisions\/14175"}],"wp:featuredmedia":[{"embeddable":true,"href":"https:\/\/www.ukctuzla.ba\/ukctuzla\/index.php?rest_route=\/wp\/v2\/media\/14171"}],"wp:attachment":[{"href":"https:\/\/www.ukctuzla.ba\/ukctuzla\/index.php?rest_route=%2Fwp%2Fv2%2Fmedia&parent=14170"}],"wp:term":[{"taxonomy":"category","embeddable":true,"href":"https:\/\/www.ukctuzla.ba\/ukctuzla\/index.php?rest_route=%2Fwp%2Fv2%2Fcategories&post=14170"},{"taxonomy":"post_tag","embeddable":true,"href":"https:\/\/www.ukctuzla.ba\/ukctuzla\/index.php?rest_route=%2Fwp%2Fv2%2Ftags&post=14170"}],"curies":[{"name":"wp","href":"https:\/\/api.w.org\/{rel}","templated":true}]}}