{"id":14502,"date":"2023-06-26T14:54:27","date_gmt":"2023-06-26T13:54:27","guid":{"rendered":"http:\/\/www.ukctuzla.ba\/ukctuzla\/?p=14502"},"modified":"2023-06-26T14:54:27","modified_gmt":"2023-06-26T13:54:27","slug":"obezbijedjeni-uslovi-za-opremanje-odjeljenja-za-djeciju-i-adolescentnu-psihijatriju-ukc-tuzla","status":"publish","type":"post","link":"https:\/\/www.ukctuzla.ba\/ukctuzla\/?p=14502&lang=bs","title":{"rendered":"Obezbije\u0111eni uslovi za opremanje Odjeljenja za dje\u010diju i adolescentnu psihijatriju UKC Tuzla"},"content":{"rendered":"<p>U posjeti Klinici za psihijatriju Univerzitetskog klini\u010dkog centra Tuzla boravili su ministrica zdravstva Tuzlanskog kantona Du\u0161anka Be\u0107irovi\u0107, zastupnica u Skup\u0161tini Tuzlanskog kantona Lejla Vukovi\u0107 i direktor Zavoda zdravstvenog osiguranja TK Denis Husi\u0107. Goste se primili direktor UKC Tuzla, prof. dr. med. sc. Denijal Tulumovi\u0107 i na\u010delnica Klinike za psihijatriju, prim.dr. Nerminka Aljuki\u0107.<\/p>\n<p>Razgovarano je o finansijskim sredstvima neophodnim za nastavak radova na adaptaciji prostora Odjeljenja za dje\u010diju i adolescentnu psihijatriju UKC-a Tuzla. Prva faza projekta podrazumijeva opremanje Odjeljenja sa 5 kreveta i stvaranje uslova za smje\u0161taj pacijenata.<br \/>\nPrema rije\u010dima ministrice Be\u0107irovi\u0107 Vlada TK obezbijedila je sredstva za realizaciju projekta.<br \/>\nProjekat za cjelokupnu zgradu ve\u0107 postoji, nagla\u0161eno je ovom prilikom uz napomenu da je pro\u0161le godine ve\u0107 po\u010dela adaptacija donjeg dijela i izmje\u0161ten dio arhive.<br \/>\n\u201eBilo je tehni\u010dkih problema oko prostora koji je namjenje za adolescentnu psihijatriju, zbog izmje\u0161tanja jednog ateljea koji je prethodno bio u tom prostoru. Dogovorili smo to sa porodicom umjetnika i prostor je oslobo\u0111en te smo krenuli u renoviranje prostora i opreme. Ono \u0161to je jako bitno je da kolege sa psihijatrije daju svoj maksimalni doprinos i njihova je \u017eelja da se taj problem, koji postoji ve\u0107 du\u017ei niz godina, najzad rije\u0161i. Do sada su sva djeca koja su imala potrebu za psihijatrijskim bolni\u010dkim tretmanom upu\u0107ivana u centre izvan TK, naj\u010de\u0161\u0107e u Sarajevo\u201c, kazao je ovom prilikom direktor Tulumovi\u0107.<a href=\"https:\/\/www.ukctuzla.ba\/ukctuzla\/wp-content\/uploads\/2023\/06\/Image-1.jpg\"><img loading=\"lazy\" decoding=\"async\" class=\" wp-image-14504 alignright\" src=\"https:\/\/www.ukctuzla.ba\/ukctuzla\/wp-content\/uploads\/2023\/06\/Image-1-300x199.jpg\" alt=\"\" width=\"344\" height=\"228\" srcset=\"https:\/\/www.ukctuzla.ba\/ukctuzla\/wp-content\/uploads\/2023\/06\/Image-1-300x199.jpg 300w, https:\/\/www.ukctuzla.ba\/ukctuzla\/wp-content\/uploads\/2023\/06\/Image-1-768x510.jpg 768w, https:\/\/www.ukctuzla.ba\/ukctuzla\/wp-content\/uploads\/2023\/06\/Image-1-1024x680.jpg 1024w, https:\/\/www.ukctuzla.ba\/ukctuzla\/wp-content\/uploads\/2023\/06\/Image-1.jpg 1600w\" sizes=\"auto, (max-width: 344px) 100vw, 344px\" \/><\/a><br \/>\nPrema rije\u010dima direktora ZZO TK Husi\u0107a, zadnjim rebalansom predvi\u0111ena su finansijska sredstva namjenjena za dje\u010diju psihijatriju.<br \/>\n\u201eDa bi Zavod mogao dodjeljivati program zdravstvene za\u0161tite moraju biti odre\u0111eni uslovi a ti uslovi moraju pratiti standarde i normative i naravno sva ona rje\u0161enja koja odre\u0111uju prostor, kadar i opremu kako bi se startalo sa tom djelatno\u0161\u0107u. Zavod je u zadnjem rebalansu za zadnje tromjese\u010dje predvidio iznos od ne\u0161to vi\u0161e od 200.000 KM da se krene u taj proces. Nadamo se da \u0107e UKC i menad\u017ement uspjeti u ovom kratkom roku da osigura sve ove prostorne, kadrovske i kapacitete opreme da se krene sa ovom djelatno\u0161\u0107u\u201c, kazao je Husi\u0107 najaviv\u0161i da je za narednu godinu predvi\u0111en iznos od milion KM za nastavak funkcionisanja Odjeljenja za dje\u010diju psihijatriju Klinike za psihijatriju UKC Tuzla.<br \/>\nSvakodnevni rad i iskustva stru\u010dnjaka ove klinike, re\u010deno je, pokazala su da je pove\u0107ana patologija malodobnog uzrasta. Za vrlo kratak period broj pregledane djece se udesetostru\u010dio, navela je ovom prilikom na\u010delnica Klinike za psihijatriju UKC Tuzla Nerminka Aljuki\u0107.<br \/>\n\u201eMi kadar imamo, Odjeljenje za dje\u010diju i adolescentnu psihijatriju postoji, ali nemamo krevete, te Odjeljenje funkcioni\u0161e na bazi ambulantnih pregleda i dnevnog bolni\u010dkog tretmana. O\u010dekujemo da ubrzo bude zavr\u0161eno ono \u0161to je zapo\u010deto\u201c, kazala je na\u010delnica Aljuki\u0107.<br \/>\nPrema rije\u010dima zastupnice Vukovi\u0107 \u201etrebalo je puno ranije da se krene u implementaciju ovog projekta s obzirom da su sredstva bila osigurana\u201c.<br \/>\n\u201ePrije dvije godine zajedno sa ostalim zastupnicima u Skup\u0161tini TK bili smo u posjeti Klinici za psihijatriju i tom prilikom uputili hitan apel, odnosno inicijativu, za hitno izmje\u0161tanje ovog ateljea, te kako smo sad informisani zapo\u010deto je sa realizacijom projekta\u201c, rekla je Vukovi\u0107 uz napomenu da \u0107e Vlada TK izdvojiti 500.000 KM za adaptaciju, a ukoliko budu potrebna i ve\u0107a sredstva, Vlada \u0107e imati podr\u0161ku Skup\u0161tine TK.<\/p>\n","protected":false},"excerpt":{"rendered":"<p>U posjeti Klinici za psihijatriju Univerzitetskog klini\u010dkog centra Tuzla boravili su ministrica zdravstva Tuzlanskog kantona Du\u0161anka Be\u0107irovi\u0107, zastupnica u Skup\u0161tini Tuzlanskog kantona Lejla Vukovi\u0107 i direktor Zavoda zdravstvenog osiguranja TK Denis Husi\u0107. Goste se primili direktor UKC Tuzla, prof. dr. med. sc. Denijal Tulumovi\u0107 i na\u010delnica Klinike za psihijatriju, prim.dr. Nerminka Aljuki\u0107. Razgovarano je o&hellip;<\/p>\n","protected":false},"author":5,"featured_media":14503,"comment_status":"closed","ping_status":"open","sticky":false,"template":"","format":"standard","meta":{"footnotes":""},"categories":[11],"tags":[],"class_list":["post-14502","post","type-post","status-publish","format-standard","has-post-thumbnail","hentry","category-vijesti","category-11","description-off"],"_links":{"self":[{"href":"https:\/\/www.ukctuzla.ba\/ukctuzla\/index.php?rest_route=\/wp\/v2\/posts\/14502","targetHints":{"allow":["GET"]}}],"collection":[{"href":"https:\/\/www.ukctuzla.ba\/ukctuzla\/index.php?rest_route=\/wp\/v2\/posts"}],"about":[{"href":"https:\/\/www.ukctuzla.ba\/ukctuzla\/index.php?rest_route=\/wp\/v2\/types\/post"}],"author":[{"embeddable":true,"href":"https:\/\/www.ukctuzla.ba\/ukctuzla\/index.php?rest_route=\/wp\/v2\/users\/5"}],"replies":[{"embeddable":true,"href":"https:\/\/www.ukctuzla.ba\/ukctuzla\/index.php?rest_route=%2Fwp%2Fv2%2Fcomments&post=14502"}],"version-history":[{"count":1,"href":"https:\/\/www.ukctuzla.ba\/ukctuzla\/index.php?rest_route=\/wp\/v2\/posts\/14502\/revisions"}],"predecessor-version":[{"id":14505,"href":"https:\/\/www.ukctuzla.ba\/ukctuzla\/index.php?rest_route=\/wp\/v2\/posts\/14502\/revisions\/14505"}],"wp:featuredmedia":[{"embeddable":true,"href":"https:\/\/www.ukctuzla.ba\/ukctuzla\/index.php?rest_route=\/wp\/v2\/media\/14503"}],"wp:attachment":[{"href":"https:\/\/www.ukctuzla.ba\/ukctuzla\/index.php?rest_route=%2Fwp%2Fv2%2Fmedia&parent=14502"}],"wp:term":[{"taxonomy":"category","embeddable":true,"href":"https:\/\/www.ukctuzla.ba\/ukctuzla\/index.php?rest_route=%2Fwp%2Fv2%2Fcategories&post=14502"},{"taxonomy":"post_tag","embeddable":true,"href":"https:\/\/www.ukctuzla.ba\/ukctuzla\/index.php?rest_route=%2Fwp%2Fv2%2Ftags&post=14502"}],"curies":[{"name":"wp","href":"https:\/\/api.w.org\/{rel}","templated":true}]}}