{"id":14631,"date":"2023-08-09T10:17:37","date_gmt":"2023-08-09T09:17:37","guid":{"rendered":"http:\/\/www.ukctuzla.ba\/ukctuzla\/?p=14631"},"modified":"2023-08-09T13:43:10","modified_gmt":"2023-08-09T12:43:10","slug":"in-memoriam-18","status":"publish","type":"post","link":"https:\/\/www.ukctuzla.ba\/ukctuzla\/?p=14631&lang=bs","title":{"rendered":"In memoriam"},"content":{"rendered":"<p>Iznenada u 56. godini \u017eivota preminuo je Prim. doc. dr. med. sc Anis Me\u0111edovi\u0107, specijaliste oftalmologije.<\/p>\n<p style=\"text-align: justify;\">Prim. doc. dr. med. sc Anis Me\u0111edovi\u0107 ro\u0111en je u Br\u010dkom 1968. godine. Medicinski fakultet u Tuzli zavr\u0161io je 1997. godine, a specijalizaciju iz oftalmologije 2004. godine tako\u0111er u Tuzli. Postdiplomski studij je zavr\u0161io na Medicinskom fakultetu Univerziteta u Tuzli i zvanje magistra medicinskih nauka stekao 2012. godine, a titulu doktora medicinskih nauka 2021. godine.<\/p>\n<p>Po zavr\u0161etku Medicinkog fakulteta radio je na Univerzitetskom klini\u010dkom centru Tuzla.<\/p>\n<p style=\"text-align: justify;\">Od 2017. godine do trenutka smrti, Prim. doc. dr. med. sc Anis Me\u0111edovi\u0107 je obavljao du\u017enost na\u010delnika Klinike za o\u010dne bolesti Univerzitetskog klini\u010dkog centra Tuzla.<\/p>\n<p>Komemorativna sjednica \u0107e se odr\u017eati u petak, 11.08.2023. godine, u amfiteatru Klinike za interne bolesti Univerzitetskog klini\u010dkog centra Tuzla sa po\u010detkom u 11 sati.<\/p>\n<p style=\"text-align: justify;\">Posljednji ispra\u0107aj \u0107e se obaviti ispred Komemorativnog centra u Tuzli, u petak 11.08.2023. godine u 13:30 sati. D\u017eenaza \u0107e se obaviti ispred D\u017eindijske d\u017eamije u 15 sati, a ukop na mezarju Bukov\u010di\u0107 u Tuzli.<\/p>\n","protected":false},"excerpt":{"rendered":"<p>Iznenada u 56. godini \u017eivota preminuo je Prim. doc. dr. med. sc Anis Me\u0111edovi\u0107, specijaliste oftalmologije. Prim. doc. dr. med. sc Anis Me\u0111edovi\u0107 ro\u0111en je u Br\u010dkom 1968. godine. Medicinski fakultet u Tuzli zavr\u0161io je 1997. godine, a specijalizaciju iz oftalmologije 2004. godine tako\u0111er u Tuzli. Postdiplomski studij je zavr\u0161io na Medicinskom fakultetu Univerziteta u&hellip;<\/p>\n","protected":false},"author":2,"featured_media":14634,"comment_status":"closed","ping_status":"open","sticky":false,"template":"","format":"standard","meta":{"footnotes":""},"categories":[11],"tags":[],"class_list":["post-14631","post","type-post","status-publish","format-standard","has-post-thumbnail","hentry","category-vijesti","category-11","description-off"],"_links":{"self":[{"href":"https:\/\/www.ukctuzla.ba\/ukctuzla\/index.php?rest_route=\/wp\/v2\/posts\/14631","targetHints":{"allow":["GET"]}}],"collection":[{"href":"https:\/\/www.ukctuzla.ba\/ukctuzla\/index.php?rest_route=\/wp\/v2\/posts"}],"about":[{"href":"https:\/\/www.ukctuzla.ba\/ukctuzla\/index.php?rest_route=\/wp\/v2\/types\/post"}],"author":[{"embeddable":true,"href":"https:\/\/www.ukctuzla.ba\/ukctuzla\/index.php?rest_route=\/wp\/v2\/users\/2"}],"replies":[{"embeddable":true,"href":"https:\/\/www.ukctuzla.ba\/ukctuzla\/index.php?rest_route=%2Fwp%2Fv2%2Fcomments&post=14631"}],"version-history":[{"count":5,"href":"https:\/\/www.ukctuzla.ba\/ukctuzla\/index.php?rest_route=\/wp\/v2\/posts\/14631\/revisions"}],"predecessor-version":[{"id":14641,"href":"https:\/\/www.ukctuzla.ba\/ukctuzla\/index.php?rest_route=\/wp\/v2\/posts\/14631\/revisions\/14641"}],"wp:featuredmedia":[{"embeddable":true,"href":"https:\/\/www.ukctuzla.ba\/ukctuzla\/index.php?rest_route=\/wp\/v2\/media\/14634"}],"wp:attachment":[{"href":"https:\/\/www.ukctuzla.ba\/ukctuzla\/index.php?rest_route=%2Fwp%2Fv2%2Fmedia&parent=14631"}],"wp:term":[{"taxonomy":"category","embeddable":true,"href":"https:\/\/www.ukctuzla.ba\/ukctuzla\/index.php?rest_route=%2Fwp%2Fv2%2Fcategories&post=14631"},{"taxonomy":"post_tag","embeddable":true,"href":"https:\/\/www.ukctuzla.ba\/ukctuzla\/index.php?rest_route=%2Fwp%2Fv2%2Ftags&post=14631"}],"curies":[{"name":"wp","href":"https:\/\/api.w.org\/{rel}","templated":true}]}}