{"id":14700,"date":"2023-08-25T09:29:34","date_gmt":"2023-08-25T08:29:34","guid":{"rendered":"http:\/\/www.ukctuzla.ba\/ukctuzla\/?p=14700"},"modified":"2023-08-25T14:39:08","modified_gmt":"2023-08-25T13:39:08","slug":"u-radnoj-posjeti-ukc-tuzla-boravio-ministar-ljudska-prava-i-izbjeglice-bih-sevlid-hurtic","status":"publish","type":"post","link":"https:\/\/www.ukctuzla.ba\/ukctuzla\/?p=14700&lang=bs","title":{"rendered":"U radnoj posjeti UKC Tuzla boravio ministar ljudska prava i izbjeglice BiH, Sevlid Hurti\u0107"},"content":{"rendered":"<p>U radnoj posjeti UKC Tuzla povodom po\u010detka provedbe projekta \u201cPrijenos znanja\u201d boravio je ministar za ljudska prava i izbjeglice Bosne i Hercegovine, Sevlid Hurti\u0107.<\/p>\n<p>U razgovoru sa direktorom Univerzitetskog klini\u010dkog centra Tuzla, prof. dr. Denijalom Tulumovi\u0107em, ministar Hurti\u0107 je predstavio projekat koji za cilj ima povezivanje bosanskohercegova\u010dkih stru\u010dnjaka iz dijaspore sa domovinom.<\/p>\n<p>Rije\u010d je o projektu koji je u zavr\u0161noj fazi i \u010dija provedba po\u010dinje najkasnije od novembra ove godine. Na projekat \u0107e mo\u0107i aplicirati sve javne ustanove, sa akcentom na klini\u010dke centre u Bosni i Hercegovini.<\/p>\n<p>Ministarstvo za ljudska prava i izbjeglice Bosne i Hercegovine svojim aktivnostima je ostvarilo bazu podataka sa preko dvije stotine doktora nauka i nau\u010dno istra\u017eiva\u010dkih radnika u dijaspori. Zapo\u010deti projekat \u201cPrijenos znanja\u201d bit \u0107e finansiran od strane Ministarstva za ljudska prava i izbjeglice Bosne i Hercegovine, uz suradnju Ambasade \u0160vicarske u BiH.<\/p>\n<p>Direktor Tulumovi\u0107 se zahvalio na pozivu da Univerzitetski klini\u010dki centar Tuzla u\u010destvuje u pomenutom projektu, te istakao da \u0107e ova ustanova sa svoje strane pru\u017eiti maksimalnu profesionalnu i tehni\u010dku podr\u0161ku projektu.<\/p>\n","protected":false},"excerpt":{"rendered":"<p>U radnoj posjeti UKC Tuzla povodom po\u010detka provedbe projekta \u201cPrijenos znanja\u201d boravio je ministar za ljudska prava i izbjeglice Bosne i Hercegovine, Sevlid Hurti\u0107. U razgovoru sa direktorom Univerzitetskog klini\u010dkog centra Tuzla, prof. dr. Denijalom Tulumovi\u0107em, ministar Hurti\u0107 je predstavio projekat koji za cilj ima povezivanje bosanskohercegova\u010dkih stru\u010dnjaka iz dijaspore sa domovinom. Rije\u010d je o&hellip;<\/p>\n","protected":false},"author":5,"featured_media":14701,"comment_status":"closed","ping_status":"open","sticky":false,"template":"","format":"standard","meta":{"footnotes":""},"categories":[11],"tags":[],"class_list":["post-14700","post","type-post","status-publish","format-standard","has-post-thumbnail","hentry","category-vijesti","category-11","description-off"],"_links":{"self":[{"href":"https:\/\/www.ukctuzla.ba\/ukctuzla\/index.php?rest_route=\/wp\/v2\/posts\/14700","targetHints":{"allow":["GET"]}}],"collection":[{"href":"https:\/\/www.ukctuzla.ba\/ukctuzla\/index.php?rest_route=\/wp\/v2\/posts"}],"about":[{"href":"https:\/\/www.ukctuzla.ba\/ukctuzla\/index.php?rest_route=\/wp\/v2\/types\/post"}],"author":[{"embeddable":true,"href":"https:\/\/www.ukctuzla.ba\/ukctuzla\/index.php?rest_route=\/wp\/v2\/users\/5"}],"replies":[{"embeddable":true,"href":"https:\/\/www.ukctuzla.ba\/ukctuzla\/index.php?rest_route=%2Fwp%2Fv2%2Fcomments&post=14700"}],"version-history":[{"count":3,"href":"https:\/\/www.ukctuzla.ba\/ukctuzla\/index.php?rest_route=\/wp\/v2\/posts\/14700\/revisions"}],"predecessor-version":[{"id":14715,"href":"https:\/\/www.ukctuzla.ba\/ukctuzla\/index.php?rest_route=\/wp\/v2\/posts\/14700\/revisions\/14715"}],"wp:featuredmedia":[{"embeddable":true,"href":"https:\/\/www.ukctuzla.ba\/ukctuzla\/index.php?rest_route=\/wp\/v2\/media\/14701"}],"wp:attachment":[{"href":"https:\/\/www.ukctuzla.ba\/ukctuzla\/index.php?rest_route=%2Fwp%2Fv2%2Fmedia&parent=14700"}],"wp:term":[{"taxonomy":"category","embeddable":true,"href":"https:\/\/www.ukctuzla.ba\/ukctuzla\/index.php?rest_route=%2Fwp%2Fv2%2Fcategories&post=14700"},{"taxonomy":"post_tag","embeddable":true,"href":"https:\/\/www.ukctuzla.ba\/ukctuzla\/index.php?rest_route=%2Fwp%2Fv2%2Ftags&post=14700"}],"curies":[{"name":"wp","href":"https:\/\/api.w.org\/{rel}","templated":true}]}}