{"id":14935,"date":"2023-10-10T14:12:24","date_gmt":"2023-10-10T13:12:24","guid":{"rendered":"http:\/\/www.ukctuzla.ba\/ukctuzla\/?p=14935"},"modified":"2023-10-10T14:13:00","modified_gmt":"2023-10-10T13:13:00","slug":"klinika-za-psihijatriju-ukc-tuzla-obiljezila-10-oktobar-svjetski-dan-mentalnog-zdravlja","status":"publish","type":"post","link":"https:\/\/www.ukctuzla.ba\/ukctuzla\/?p=14935&lang=bs","title":{"rendered":"Klinika za psihijatriju UKC Tuzla obilje\u017eila 10. oktobar- Svjetski dan mentalnog zdravlja"},"content":{"rendered":"<p style=\"text-align: justify;\">Svjetski dan mentalnog zdravlja obilje\u017eava se svake godine 10. oktobra, na inicijativu Svjetske federacije za mentalno zdravlje.<br \/>\nTema ovogodi\u0161njeg Svjetskog dana mentalnog zdravlja glasi \u201eMentalno zdravlje je univerzalno ljudsko pravo.\u201c<\/p>\n<p style=\"text-align: justify;\">U cilju promocije mentalnog zdravlja Klinika za psihijatriju JZU UKC Tuzla, u saradnji sa Udru\u017eenjem za uzajamnu pomo\u0107 u du\u0161evnoj nevolji TK \u201eFeniks\u201c, danas je organizovala konferenciju za novinare.<br \/>\nOvogodi\u0161nja globalna kampanja za cilj ima poticanje i olak\u0161avanje ve\u0107e saradnje izme\u0111u vlada, gra\u0111ana i donosioca odluka kako bi se osiguralo da se mentalno zdravlje cijeni, promovi\u0161e i \u0161titi, te da se poduzmu hitne mjere kako bi svi mogli ostvariti svoja ljudska prava i pristupiti kvalitetnim i u\u010dinkovitim uslugama za\u0161tite mentalnog zdravlja.<br \/>\nPrema rije\u010dima prim. dr. Nerminke Aljuki\u0107, mr. sc. med. na\u010delnice Klinike za psihijatriju UKC Tuzla, svjetske statistike ukazuju da \u0107e globalno jedna od \u010detiri osobe tokom \u017eivota trebati pomo\u0107 vezano za za\u0161titu mentalnog zdravlja, a problemi mentalnog zdravlja djece i mladih zadnjih nekoliko godina statisti\u010dki su udvostru\u010deni. \u201cStigma i diskriminacija i dalje predstavljaju prepreku dru\u0161tvenoj uklju\u010denosti i pristupu zdravstvenoj za\u0161titi. Mentalno zdravlje mora biti jasno postavljeno u okvir ljudskih prava kako bi se te\u017enja za dobrim mentalnim zdravljem ponovno pretvorila u temeljno ljudsko pravo. Svjetski dan mentalnog zdravlja je prilika za razgovor i promi\u0161ljanje o unaprje\u0111enju mentalnog zdravlja, ali i zajedni\u010dki doprinos u pove\u0107anju svijesti o zna\u010daju borbe protiv stigme i diskriminacije u cilju postizanja bolje zajednice. \u201d istakla je prim. dr. Aljuki\u0107.<\/p>\n<p style=\"text-align: justify;\">U znak podr\u0161ke Svjetskom danu mentalnog zdravlja 2023. godine, Klinika za psihijatriju UKC Tuzla i Udru\u017eenje za uzajamnu pomo\u0107 u du\u0161evnoj nevolji TK \u201cFenix\u201d, kao partneri u projektu \u201cUnaprje\u0111enjem \u017eivotne sredine do pobolj\u0161anja mentalnog zdravlja\u201d otvorili su prostor koji \u0107e se koristiti u svrhu radno-okupacione terapije, a koji je smje\u0161ten u krugu bolnice.<br \/>\nIz Udru\u017eenja Fenix poru\u010dili su da projekat \u201cUnaprje\u0111enjem \u017eivotne sredine do pobolj\u0161anja mentalnog zdravlja\u201d ima za cilj podizanje nivoa kvalitete \u017eivota i postizanje procesnog oporavka pove\u0107anjem socijalne inkluzije osoba sa psihosocijalnim invaliditetom, kao i unaprje\u0111enje komunikacije izme\u0111u pru\u017eatelja i korisnika usluga, te \u010dlanova njihovih porodica. Osim unaprje\u0111enja odnosa prema \u017eivotnoj sredini, kao faktora pobolj\u0161anja mentalnog zdravlja, projektne aktivnosti uklju\u010duju i zajedni\u010dke edukativne radionice o zdravim i prilago\u0111avaju\u0107im stilovima \u017eivota, te pristupima u radu sa osobama sa invaliditetom.<\/p>\n","protected":false},"excerpt":{"rendered":"<p>Svjetski dan mentalnog zdravlja obilje\u017eava se svake godine 10. oktobra, na inicijativu Svjetske federacije za mentalno zdravlje. Tema ovogodi\u0161njeg Svjetskog dana mentalnog zdravlja glasi \u201eMentalno zdravlje je univerzalno ljudsko pravo.\u201c U cilju promocije mentalnog zdravlja Klinika za psihijatriju JZU UKC Tuzla, u saradnji sa Udru\u017eenjem za uzajamnu pomo\u0107 u du\u0161evnoj nevolji TK \u201eFeniks\u201c, danas je&hellip;<\/p>\n","protected":false},"author":2,"featured_media":14936,"comment_status":"closed","ping_status":"open","sticky":false,"template":"","format":"standard","meta":{"footnotes":""},"categories":[11],"tags":[],"class_list":["post-14935","post","type-post","status-publish","format-standard","has-post-thumbnail","hentry","category-vijesti","category-11","description-off"],"_links":{"self":[{"href":"https:\/\/www.ukctuzla.ba\/ukctuzla\/index.php?rest_route=\/wp\/v2\/posts\/14935","targetHints":{"allow":["GET"]}}],"collection":[{"href":"https:\/\/www.ukctuzla.ba\/ukctuzla\/index.php?rest_route=\/wp\/v2\/posts"}],"about":[{"href":"https:\/\/www.ukctuzla.ba\/ukctuzla\/index.php?rest_route=\/wp\/v2\/types\/post"}],"author":[{"embeddable":true,"href":"https:\/\/www.ukctuzla.ba\/ukctuzla\/index.php?rest_route=\/wp\/v2\/users\/2"}],"replies":[{"embeddable":true,"href":"https:\/\/www.ukctuzla.ba\/ukctuzla\/index.php?rest_route=%2Fwp%2Fv2%2Fcomments&post=14935"}],"version-history":[{"count":2,"href":"https:\/\/www.ukctuzla.ba\/ukctuzla\/index.php?rest_route=\/wp\/v2\/posts\/14935\/revisions"}],"predecessor-version":[{"id":14938,"href":"https:\/\/www.ukctuzla.ba\/ukctuzla\/index.php?rest_route=\/wp\/v2\/posts\/14935\/revisions\/14938"}],"wp:featuredmedia":[{"embeddable":true,"href":"https:\/\/www.ukctuzla.ba\/ukctuzla\/index.php?rest_route=\/wp\/v2\/media\/14936"}],"wp:attachment":[{"href":"https:\/\/www.ukctuzla.ba\/ukctuzla\/index.php?rest_route=%2Fwp%2Fv2%2Fmedia&parent=14935"}],"wp:term":[{"taxonomy":"category","embeddable":true,"href":"https:\/\/www.ukctuzla.ba\/ukctuzla\/index.php?rest_route=%2Fwp%2Fv2%2Fcategories&post=14935"},{"taxonomy":"post_tag","embeddable":true,"href":"https:\/\/www.ukctuzla.ba\/ukctuzla\/index.php?rest_route=%2Fwp%2Fv2%2Ftags&post=14935"}],"curies":[{"name":"wp","href":"https:\/\/api.w.org\/{rel}","templated":true}]}}