{"id":15757,"date":"2024-03-07T15:10:49","date_gmt":"2024-03-07T14:10:49","guid":{"rendered":"http:\/\/www.ukctuzla.ba\/ukctuzla\/?p=15757"},"modified":"2024-03-18T13:21:57","modified_gmt":"2024-03-18T12:21:57","slug":"odrzan-radni-sastanak-sa-predstavnicima-centra-za-radioterapiju-imc-affidea-banja-luka","status":"publish","type":"post","link":"https:\/\/www.ukctuzla.ba\/ukctuzla\/?p=15757&lang=bs","title":{"rendered":"Odr\u017ean radni sastanak sa predstavnicima Centra za radioterapiju IMC Affidea Banja Luka"},"content":{"rendered":"<p>Na incijativu menad\u017ementa u Univerzitetskom klini\u010dkom centru Tuzla danas je odr\u017ean sastanak sa predstavnicima <a href=\"https:\/\/affidea.ba\" target=\"_blank\" rel=\"noopener\">Centra za radioterapiju <\/a>Affidea iz Banja Luke.<a href=\"https:\/\/www.ukctuzla.ba\/ukctuzla\/wp-content\/uploads\/2024\/03\/DSC_0156.jpg\"><img loading=\"lazy\" decoding=\"async\" class=\" wp-image-15759 alignright\" src=\"https:\/\/www.ukctuzla.ba\/ukctuzla\/wp-content\/uploads\/2024\/03\/DSC_0156-300x199.jpg\" alt=\"\" width=\"350\" height=\"232\" srcset=\"https:\/\/www.ukctuzla.ba\/ukctuzla\/wp-content\/uploads\/2024\/03\/DSC_0156-300x199.jpg 300w, https:\/\/www.ukctuzla.ba\/ukctuzla\/wp-content\/uploads\/2024\/03\/DSC_0156-768x510.jpg 768w, https:\/\/www.ukctuzla.ba\/ukctuzla\/wp-content\/uploads\/2024\/03\/DSC_0156-1024x681.jpg 1024w, https:\/\/www.ukctuzla.ba\/ukctuzla\/wp-content\/uploads\/2024\/03\/DSC_0156.jpg 1600w\" sizes=\"auto, (max-width: 350px) 100vw, 350px\" \/><\/a><\/p>\n<p>Predstavnike centra iz Banja Luke koje je predvodio direktor Marijan Bili\u0107 primio je direktor UKC Tuzla, prof. dr. med. sc. Denijal Tulumovi\u0107, sa pomo\u0107nikom direktora za medicinske poslove, doc. dr. Igorom Hudi\u0107em. Sastanku su prisustvovali i zamjenik direktora Zavoda zdravstvenog osiguranja i reosiguranja FBiH, dr. Suad Bjedi\u0107, direktor Zavoda zdravstvenog osiguranja TK, Denis Husi\u0107 i ministrica zdravlja TK, dr. Du\u0161anka Be\u0107irovi\u0107.<\/p>\n<p>Povod za odr\u017eavanje sastanka je bio dogovor oko slanja onkolo\u0161kih pacijenata na tretman radioterapije u Centar za radioterapiju Banja Luka kako bi se izbjeglo stvaranje listi \u010dekanja.<\/p>\n<p>Tokom sastanka postignut je dogovor da \u0107e tokom naredne sedmice prvih pet pacijenata iz UKC Tuzla biti upu\u0107eno na tretman radioterapije u Banja Luku.<\/p>\n","protected":false},"excerpt":{"rendered":"<p>Na incijativu menad\u017ementa u Univerzitetskom klini\u010dkom centru Tuzla danas je odr\u017ean sastanak sa predstavnicima Centra za radioterapiju Affidea iz Banja Luke. Predstavnike centra iz Banja Luke koje je predvodio direktor Marijan Bili\u0107 primio je direktor UKC Tuzla, prof. dr. med. sc. Denijal Tulumovi\u0107, sa pomo\u0107nikom direktora za medicinske poslove, doc. dr. Igorom Hudi\u0107em. Sastanku su&hellip;<\/p>\n","protected":false},"author":5,"featured_media":15758,"comment_status":"closed","ping_status":"open","sticky":false,"template":"","format":"standard","meta":{"footnotes":""},"categories":[11],"tags":[],"class_list":["post-15757","post","type-post","status-publish","format-standard","has-post-thumbnail","hentry","category-vijesti","category-11","description-off"],"_links":{"self":[{"href":"https:\/\/www.ukctuzla.ba\/ukctuzla\/index.php?rest_route=\/wp\/v2\/posts\/15757","targetHints":{"allow":["GET"]}}],"collection":[{"href":"https:\/\/www.ukctuzla.ba\/ukctuzla\/index.php?rest_route=\/wp\/v2\/posts"}],"about":[{"href":"https:\/\/www.ukctuzla.ba\/ukctuzla\/index.php?rest_route=\/wp\/v2\/types\/post"}],"author":[{"embeddable":true,"href":"https:\/\/www.ukctuzla.ba\/ukctuzla\/index.php?rest_route=\/wp\/v2\/users\/5"}],"replies":[{"embeddable":true,"href":"https:\/\/www.ukctuzla.ba\/ukctuzla\/index.php?rest_route=%2Fwp%2Fv2%2Fcomments&post=15757"}],"version-history":[{"count":3,"href":"https:\/\/www.ukctuzla.ba\/ukctuzla\/index.php?rest_route=\/wp\/v2\/posts\/15757\/revisions"}],"predecessor-version":[{"id":15807,"href":"https:\/\/www.ukctuzla.ba\/ukctuzla\/index.php?rest_route=\/wp\/v2\/posts\/15757\/revisions\/15807"}],"wp:featuredmedia":[{"embeddable":true,"href":"https:\/\/www.ukctuzla.ba\/ukctuzla\/index.php?rest_route=\/wp\/v2\/media\/15758"}],"wp:attachment":[{"href":"https:\/\/www.ukctuzla.ba\/ukctuzla\/index.php?rest_route=%2Fwp%2Fv2%2Fmedia&parent=15757"}],"wp:term":[{"taxonomy":"category","embeddable":true,"href":"https:\/\/www.ukctuzla.ba\/ukctuzla\/index.php?rest_route=%2Fwp%2Fv2%2Fcategories&post=15757"},{"taxonomy":"post_tag","embeddable":true,"href":"https:\/\/www.ukctuzla.ba\/ukctuzla\/index.php?rest_route=%2Fwp%2Fv2%2Ftags&post=15757"}],"curies":[{"name":"wp","href":"https:\/\/api.w.org\/{rel}","templated":true}]}}