{"id":15911,"date":"2024-04-15T14:15:18","date_gmt":"2024-04-15T13:15:18","guid":{"rendered":"http:\/\/www.ukctuzla.ba\/ukctuzla\/?p=15911"},"modified":"2024-04-15T14:18:15","modified_gmt":"2024-04-15T13:18:15","slug":"direktor-ukc-tuzla-upozorio-na-zabrinjavajuce-stanje-i-povecan-broj-onkoloskih-pacijenata-koji-cekaju-na-radioterapiju","status":"publish","type":"post","link":"https:\/\/www.ukctuzla.ba\/ukctuzla\/?p=15911&lang=bs","title":{"rendered":"Direktor UKC Tuzla upozorio na zabrinjavaju\u0107e stanje i pove\u0107an broj onkolo\u0161kih pacijenata koji \u010dekaju na radioterapiju"},"content":{"rendered":"<p style=\"text-align: justify;\"><a href=\"https:\/\/www.ukctuzla.ba\/ukctuzla\/wp-content\/uploads\/2024\/04\/IMG-084bc18fef5054e16b86a8a7a03d4995-V2.jpg\"><img loading=\"lazy\" decoding=\"async\" class=\"size-medium wp-image-15913 alignright\" src=\"https:\/\/www.ukctuzla.ba\/ukctuzla\/wp-content\/uploads\/2024\/04\/IMG-084bc18fef5054e16b86a8a7a03d4995-V2-300x169.jpg\" alt=\"\" width=\"300\" height=\"169\" srcset=\"https:\/\/www.ukctuzla.ba\/ukctuzla\/wp-content\/uploads\/2024\/04\/IMG-084bc18fef5054e16b86a8a7a03d4995-V2-300x169.jpg 300w, https:\/\/www.ukctuzla.ba\/ukctuzla\/wp-content\/uploads\/2024\/04\/IMG-084bc18fef5054e16b86a8a7a03d4995-V2-768x432.jpg 768w, https:\/\/www.ukctuzla.ba\/ukctuzla\/wp-content\/uploads\/2024\/04\/IMG-084bc18fef5054e16b86a8a7a03d4995-V2-1024x575.jpg 1024w, https:\/\/www.ukctuzla.ba\/ukctuzla\/wp-content\/uploads\/2024\/04\/IMG-084bc18fef5054e16b86a8a7a03d4995-V2.jpg 1500w\" sizes=\"auto, (max-width: 300px) 100vw, 300px\" \/><\/a>U Univerzitetskom klini\u010dkom centru Tuzla danas je odr\u017ean sastanak izme\u0111u direktora UKC Tuzla, prof. dr. \u0160ekiba Umihani\u0107a i predstavnika onkolo\u0161kih pacijenata.<\/p>\n<p>Tema sastanka su bili problemi radioterapije, prezentacija stanja i prijedlozi za rje\u0161enje.<\/p>\n<p style=\"text-align: justify;\">Tokom razgovora direktor UKC Tuzla, prof. dr. Umihani\u0107 je prezentirao trenutno stanje oko procesa nabavke linearnog akceleratora, te istakao da je trenutno 100 pacijenata na listi \u010dekanja, a aktuelnom dinamikom oni ne\u0107e biti podvrgnuti radiolo\u0161kom zra\u010denju u optimalnom roku od dva mjeseca.<\/p>\n<p>Prema njegovim rije\u010dima, na sedmi\u010dnom nivou se javi izme\u0111u 15 i 20 novih pacijenata kojima je neophodna radioterapija, te broj od 100 nije kona\u010dan.<\/p>\n<p>S obzirom na aktuelnost problema koji je uzrokovan poni\u0161tenjem postupka javne nabavke linearnog akceleratora, CT simulatora, sistema za planiranje u radioterapiji i fantoma, direktor JZU Univerzitetskog klini\u010dkog centra Tuzla, prof. dr. \u0160ekib Umihani\u0107 je uputio javni apel koji \u0107e zvani\u010dno biti upu\u0107en na relevantne adrese.<\/p>\n<p style=\"text-align: justify;\">\u201cPozivam Visokog predstavnika (OHR) da razmotri mogu\u0107nost da izmijeni propise na jedan dan i da svojom odlukom omogu\u0107i Vladi FBiH ili Vladi TK-a da izvr\u0161i nabavku opreme i ure\u0111aja za radioterapiju za potrebe UKC Tuzla, u uslovno re\u010deno, odre\u0111enom vidu skra\u0107enog i hitnog postupka nabavke.<br \/>\nZahtjevam od predsjedateljice Vije\u0107a Ministara BiH i premijera FBiH, ministra zdravstava FbiH i direktora ZZOR FBiH da se aktivno uklju\u010de u rje\u0161avanje zdravstvenog problema i iznala\u017eenju rje\u0161enja za lije\u010denje 100 onkolo\u0161kih bolesnika Tuzlanskog kantona.<br \/>\nS obzirom da postoji prijetnja po zdravlje i \u017eivote velikog broja pacijenta, predla\u017eiti \u0107u nadle\u017enim da se izme\u0111u ostalog proglasi vanredna situacija ukoliko postoji i minimum zakonskih mogu\u0107nosti za takvu odluku.<br \/>\nMole se sve humanitarne organizacije koje djeluju u Bosni i Hercegovini kao i sve druge prijateljske organizacije, mole se Ujedinjene nacije i Ured Svjetske zdravstvene organizacije u Sarajevu za pomo\u0107 u iznala\u017eenju rje\u0161enja i osiguranja adekvatnog lije\u010denju onkolo\u0161kih bolesnika Tuzlanskog kantona.<br \/>\nTra\u017ei se od Tu\u017eiteljstva Tuzlanskog kantona da istra\u017ei sve okolnosti koje su dovele do ugro\u017eavanja zdravlja i \u017eivota onkolo\u0161kih bolesnika kojima je odre\u0111ena radioterapija a u vezi ne sprovo\u0111enja iste u periodu mart 2023. april 2024. godina\u201d, istakao je u svom obra\u0107anju direktor, prof. dr. Umihani\u0107.<\/p>\n<p style=\"text-align: justify;\">Predstavnice udru\u017eenja onkolo\u0161kih pacijenata pred novinarima su istakle da pru\u017eaju maksimalnu podr\u0161ku menad\u017ementu UKC Tuzla i istakle zna\u010daj nabavke aparata za radioterapiju, te naglasile da \u0107e i one sa svoje strane u\u010diniti sve \u0161to bude u njihovoj mo\u0107i kako bi probudile interes relevantnih institucija koje mogu pomo\u0107i u iznala\u017eenju rje\u0161enja za postoje\u0107i problem oko nabavke linearnog akceleratora.<\/p>\n<p style=\"text-align: justify;\">Podsje\u0107amo da je prema Zakonu o javnim nabavkama, Univerzitetski klini\u010dki centar Tuzla na portalu javnih nabavki, dana 23.10. 2023. godine, objavio tendersku dokumentaciju za nabavku \u201cLinearnog akceleratora, C'T simulatora, Sistema za planiranje u radioterapiji i Fantoma\u201d procijenjene vrijednosti 8.547.008,55 KM bez PDV-a, za koji su sredstva obezbje\u0111ena od strane Vlade Tuzlanskog kantona.<br \/>\nNakon zaprimljene \u017ealbe jednog od ponu\u0111a\u010da iz Ureda za razmatranje \u017ealbi BiH, Univerzitetskom klini\u010dkom centru Tuzla dostavljeno je Rje\u0161enje da se \u017ealba usvaja i da se postupak javne nabavke u potpunosti poni\u0161tava.<\/p>\n<p>&nbsp;<\/p>\n<p>&nbsp;<\/p>\n","protected":false},"excerpt":{"rendered":"<p>U Univerzitetskom klini\u010dkom centru Tuzla danas je odr\u017ean sastanak izme\u0111u direktora UKC Tuzla, prof. dr. \u0160ekiba Umihani\u0107a i predstavnika onkolo\u0161kih pacijenata. Tema sastanka su bili problemi radioterapije, prezentacija stanja i prijedlozi za rje\u0161enje. Tokom razgovora direktor UKC Tuzla, prof. dr. Umihani\u0107 je prezentirao trenutno stanje oko procesa nabavke linearnog akceleratora, te istakao da je trenutno&hellip;<\/p>\n","protected":false},"author":2,"featured_media":15912,"comment_status":"closed","ping_status":"open","sticky":false,"template":"","format":"standard","meta":{"footnotes":""},"categories":[11],"tags":[],"class_list":["post-15911","post","type-post","status-publish","format-standard","has-post-thumbnail","hentry","category-vijesti","category-11","description-off"],"_links":{"self":[{"href":"https:\/\/www.ukctuzla.ba\/ukctuzla\/index.php?rest_route=\/wp\/v2\/posts\/15911","targetHints":{"allow":["GET"]}}],"collection":[{"href":"https:\/\/www.ukctuzla.ba\/ukctuzla\/index.php?rest_route=\/wp\/v2\/posts"}],"about":[{"href":"https:\/\/www.ukctuzla.ba\/ukctuzla\/index.php?rest_route=\/wp\/v2\/types\/post"}],"author":[{"embeddable":true,"href":"https:\/\/www.ukctuzla.ba\/ukctuzla\/index.php?rest_route=\/wp\/v2\/users\/2"}],"replies":[{"embeddable":true,"href":"https:\/\/www.ukctuzla.ba\/ukctuzla\/index.php?rest_route=%2Fwp%2Fv2%2Fcomments&post=15911"}],"version-history":[{"count":4,"href":"https:\/\/www.ukctuzla.ba\/ukctuzla\/index.php?rest_route=\/wp\/v2\/posts\/15911\/revisions"}],"predecessor-version":[{"id":15917,"href":"https:\/\/www.ukctuzla.ba\/ukctuzla\/index.php?rest_route=\/wp\/v2\/posts\/15911\/revisions\/15917"}],"wp:featuredmedia":[{"embeddable":true,"href":"https:\/\/www.ukctuzla.ba\/ukctuzla\/index.php?rest_route=\/wp\/v2\/media\/15912"}],"wp:attachment":[{"href":"https:\/\/www.ukctuzla.ba\/ukctuzla\/index.php?rest_route=%2Fwp%2Fv2%2Fmedia&parent=15911"}],"wp:term":[{"taxonomy":"category","embeddable":true,"href":"https:\/\/www.ukctuzla.ba\/ukctuzla\/index.php?rest_route=%2Fwp%2Fv2%2Fcategories&post=15911"},{"taxonomy":"post_tag","embeddable":true,"href":"https:\/\/www.ukctuzla.ba\/ukctuzla\/index.php?rest_route=%2Fwp%2Fv2%2Ftags&post=15911"}],"curies":[{"name":"wp","href":"https:\/\/api.w.org\/{rel}","templated":true}]}}