{"id":15956,"date":"2024-04-19T13:01:49","date_gmt":"2024-04-19T12:01:49","guid":{"rendered":"http:\/\/www.ukctuzla.ba\/ukctuzla\/?p=15956"},"modified":"2024-04-19T14:29:04","modified_gmt":"2024-04-19T13:29:04","slug":"ukc-tuzla-uprilicio-prijem-za-predstavnike-fondacije-mentalno-zdravlje-za-sve","status":"publish","type":"post","link":"https:\/\/www.ukctuzla.ba\/ukctuzla\/?p=15956&lang=bs","title":{"rendered":"UKC Tuzla uprili\u010dio prijem za predstavnike Fondacije \u201eMentalno zdravlje za sve\u201c"},"content":{"rendered":"<p style=\"text-align: justify;\">Direktor JZU Univerzitetskog klini\u010dkog centra Tuzla, prof. dr. \u0160ekib Umihani\u0107 uprili\u010dio je prijem za predstavnike Fondacije \u201eMentalno zdravlje za sve\u201c.<\/p>\n<p>Povod za sastanak je bio izvje\u0161taj o implementaciji projekta za formiranje Odjeljenja za dje\u010diju i adolescentnu psihijatriju Klinike za psihijatriju.<\/p>\n<p style=\"text-align: justify;\">Izet Pajevi\u0107, neuropsihijatar, subspecijalista klini\u010dke psihijatrije i psihoterapije i direktor Fondacije \u201cMentalno zdravlje za sve\u201d je istakao da je ideja za formiranje Odjeljenja za dje\u010diju i adolescentnu psihijatriju nastala jo\u0161 1994. godine, te da je Fondacija osnovana sa ciljem prikupljanja potrebnih sredstva za tu namjenu. Od dijela prikupljenih sredstava uradili su projekat adaptacije zgrade koja se nalazi pored objekta Klinike za psihijatriju i trenutno su pri zavr\u0161etku izvo\u0111a\u010dkih radova.<\/p>\n<p style=\"text-align: justify;\">Uz prof. dr. Pajevi\u0107a sastanku je prisustvovao i prof. dr. Mevludin Hasanovi\u0107, prim.neuropsihijatar, predsjednik Upravnog odbora Fondacije \u201cMentalno zdravlje za sve\u201d.<br \/>\nTokom razgovora prof. dr. Hasanovi\u0107 je istakao da uspostavljanjem jedne moderne ustanove za potrebe najosjetljive populaciji omogu\u0107ila bi se pravovremena i adekvatna pomo\u0107 \u0161to se do sada neopravdano izbjegavalo iz straha od stigmatizacije i neuslovnog tretmana, \u010dime se produ\u017eavala patnja djeteta i disfunkcionalnost porodice.<\/p>\n<p style=\"text-align: justify;\">Direktor Umihani\u0107 je istakao da ovaj projekat pretstavlja kapitalnu investiciju koja uti\u010de na pobolj\u0161anje dru\u0161tvenog standarda najvulerabilnijeg dijela populacije i vi\u0161estruko ostvaruje javne interese, a Klinika za psihijatriju ima educiran kadar koji mo\u017ee odgovoriti potrebama u radu sa djecom i adolescentima.<\/p>\n<p style=\"text-align: justify;\">Podr\u0161ku u realizaciji projekta adaptacije i opremanja Odjeljenja za dje\u010diju i adolescentnu psihijatriju na Klinici za psihijatriju JZU UKC Tuzla pru\u017eila je i Vlada TK koja je iz bud\u017eeta za tu namjenu izdvojila 300.000 KM.<\/p>\n<p style=\"text-align: justify;\">Tokom sastanka razgovaralo se i o nau\u010dnom radu tuzlanskih psihijatara koji je dobio presti\u017enu nagradu austrijskog udru\u017eenja za dje\u010diju i adolescentnu psihijatriju.<\/p>\n<p style=\"text-align: justify;\"><a href=\"https:\/\/www.ukctuzla.ba\/ukctuzla\/wp-content\/uploads\/2024\/04\/Kravic-Abstrakt-1.jpg\"><img loading=\"lazy\" decoding=\"async\" class=\"size-medium wp-image-15969 alignright\" src=\"https:\/\/www.ukctuzla.ba\/ukctuzla\/wp-content\/uploads\/2024\/04\/Kravic-Abstrakt-1-300x188.jpg\" alt=\"\" width=\"300\" height=\"188\" srcset=\"https:\/\/www.ukctuzla.ba\/ukctuzla\/wp-content\/uploads\/2024\/04\/Kravic-Abstrakt-1-300x188.jpg 300w, https:\/\/www.ukctuzla.ba\/ukctuzla\/wp-content\/uploads\/2024\/04\/Kravic-Abstrakt-1-768x480.jpg 768w, https:\/\/www.ukctuzla.ba\/ukctuzla\/wp-content\/uploads\/2024\/04\/Kravic-Abstrakt-1-1024x641.jpg 1024w, https:\/\/www.ukctuzla.ba\/ukctuzla\/wp-content\/uploads\/2024\/04\/Kravic-Abstrakt-1-80x50.jpg 80w, https:\/\/www.ukctuzla.ba\/ukctuzla\/wp-content\/uploads\/2024\/04\/Kravic-Abstrakt-1.jpg 1600w\" sizes=\"auto, (max-width: 300px) 100vw, 300px\" \/><\/a>Nau\u010dni rad \u201cBosanska ratna siro\u010dad &#8211; Mentalno zdravlje u poslijeratnom vremenu\u201d objavljen je u julu 2023. god u presti\u017enom ameri\u010dkom stru\u010dnom \u010dasopisu \u201cJournal of Neurological and Mental disorders\u201d, jednom od \u010dasopisa iz oblasti neurologije i psihijatrije sa najdu\u017eom tradicijom u Sjedinjenim Ameri\u010dkim Dr\u017eavama.<\/p>\n<p style=\"text-align: justify;\">Ovaj rad bazira se na podacima iz doktorske disertacije prof. dr. Nermine Kravi\u0107 pod mentorstvom prof. dr. Pajevi\u0107 Izeta, a objavljivanje \u010dlanka nastalo je zajedni\u010dkom saradnjom psihijatara iz Bosne i Hercegovine, Austrije i \u0160panije.<\/p>\n<p style=\"text-align: justify;\">Veliki doprinos u izradi rada svojom stru\u010dno\u0161\u0107u dala je prof. dr. Kanita Dervi\u0107, koja radi na Medicinskom fakuletetu Univerziteta u Be\u010du, Austrija.<\/p>\n<p style=\"text-align: justify;\">Rad je predlo\u017een za godi\u0161nju nagradu \u201dErnst Berg\u201d iz oblasti socijalne psihijatrije koju dodjeluje Udru\u017eenje dje\u010dijih i adolescentnih psihijatara u Austriji. U martu mjesecu teku\u0107e godine rad je i nagra\u0111en prvom nagradom kao jedan od dva najbolja \u010dlanka objavljena u 2023. godini.<\/p>\n<p style=\"text-align: justify;\">Navedeni \u010dlanak ima dvostruku vrijednost; predstavlja nastojanje da se objektivnim , nau\u010dnim metodolo\u0161kim postupcima napravi procjena psiholo\u0161kih posljedica koju je rat ostavio na mlade nara\u0161taje. Tako\u0111e, zna\u010daj ovog rada je \u0161to je okupio doma\u0107e i psihijatre koji su porijeklom iz Bosne i Hercegovine, a sada su uspje\u0161ni u svijetu i \u017eele svojim iskustvom i stru\u010dno\u0161\u0107u pomo\u0107i nau\u010dni progres u Bosni i Hercegovini. To je primjer dobre saradnje doma\u0107ih i eksperata koji sada \u017eive i rade u inostranstvu sa ciljem pobolj\u0161anja kvaliteta, stru\u010dnog i nau\u010dnog unapre\u0111enja i razmjene znanja i iskustava.<\/p>\n<p style=\"text-align: justify;\">Dodjela nagrade obivit \u0107e se 25. 4. 2024.god u mjestu P\u00f6llau bei Hartberg, Austrija na Generalnoj skup\u0161tini Udru\u017eenja dje\u010dijih i adolescentnih psihijatara Austrije.<\/p>\n<p style=\"text-align: justify;\">Dodjeli nagrade prisustvovat \u0107e prvi autor \u010dlanka prof. dr. Nermina Kravi\u0107, gdje \u0107e predstaviti rad, prezentirati na\u0161u zemlju i zahvaliti stru\u010dnom odboru Udru\u017eenja.<\/p>\n<p>Direktor UKC Tuzla, prof. dr. Umihani\u0107 je istakao zadovoljstvo prezetiranim postignu\u0107ima i \u010destitao na osvojenoj nagradi.<\/p>\n<p>Predstavnici Fondacije \u201cMentalno zdravlje za sve\u201d ovu priliku su iskoristili da kao \u010dlanovi Udru\u017eenja psihijatara u BiH najave i odr\u017eavanje stru\u010dnog skupa koji \u0107e se odr\u017eati u Tuzli od 26. do 28. septembra 2024.godine, na temu &#8220;Tretman poreme\u0107aja li\u010dnosti kod djece i adolescenata&#8221;.<\/p>\n<p>&nbsp;<\/p>\n","protected":false},"excerpt":{"rendered":"<p>Direktor JZU Univerzitetskog klini\u010dkog centra Tuzla, prof. dr. \u0160ekib Umihani\u0107 uprili\u010dio je prijem za predstavnike Fondacije \u201eMentalno zdravlje za sve\u201c. Povod za sastanak je bio izvje\u0161taj o implementaciji projekta za formiranje Odjeljenja za dje\u010diju i adolescentnu psihijatriju Klinike za psihijatriju. Izet Pajevi\u0107, neuropsihijatar, subspecijalista klini\u010dke psihijatrije i psihoterapije i direktor Fondacije \u201cMentalno zdravlje za sve\u201d&hellip;<\/p>\n","protected":false},"author":2,"featured_media":15957,"comment_status":"closed","ping_status":"open","sticky":false,"template":"","format":"standard","meta":{"footnotes":""},"categories":[11],"tags":[],"class_list":["post-15956","post","type-post","status-publish","format-standard","has-post-thumbnail","hentry","category-vijesti","category-11","description-off"],"_links":{"self":[{"href":"https:\/\/www.ukctuzla.ba\/ukctuzla\/index.php?rest_route=\/wp\/v2\/posts\/15956","targetHints":{"allow":["GET"]}}],"collection":[{"href":"https:\/\/www.ukctuzla.ba\/ukctuzla\/index.php?rest_route=\/wp\/v2\/posts"}],"about":[{"href":"https:\/\/www.ukctuzla.ba\/ukctuzla\/index.php?rest_route=\/wp\/v2\/types\/post"}],"author":[{"embeddable":true,"href":"https:\/\/www.ukctuzla.ba\/ukctuzla\/index.php?rest_route=\/wp\/v2\/users\/2"}],"replies":[{"embeddable":true,"href":"https:\/\/www.ukctuzla.ba\/ukctuzla\/index.php?rest_route=%2Fwp%2Fv2%2Fcomments&post=15956"}],"version-history":[{"count":7,"href":"https:\/\/www.ukctuzla.ba\/ukctuzla\/index.php?rest_route=\/wp\/v2\/posts\/15956\/revisions"}],"predecessor-version":[{"id":15970,"href":"https:\/\/www.ukctuzla.ba\/ukctuzla\/index.php?rest_route=\/wp\/v2\/posts\/15956\/revisions\/15970"}],"wp:featuredmedia":[{"embeddable":true,"href":"https:\/\/www.ukctuzla.ba\/ukctuzla\/index.php?rest_route=\/wp\/v2\/media\/15957"}],"wp:attachment":[{"href":"https:\/\/www.ukctuzla.ba\/ukctuzla\/index.php?rest_route=%2Fwp%2Fv2%2Fmedia&parent=15956"}],"wp:term":[{"taxonomy":"category","embeddable":true,"href":"https:\/\/www.ukctuzla.ba\/ukctuzla\/index.php?rest_route=%2Fwp%2Fv2%2Fcategories&post=15956"},{"taxonomy":"post_tag","embeddable":true,"href":"https:\/\/www.ukctuzla.ba\/ukctuzla\/index.php?rest_route=%2Fwp%2Fv2%2Ftags&post=15956"}],"curies":[{"name":"wp","href":"https:\/\/api.w.org\/{rel}","templated":true}]}}