{"id":16815,"date":"2024-08-02T07:19:33","date_gmt":"2024-08-02T06:19:33","guid":{"rendered":"https:\/\/www.ukctuzla.ba\/ukctuzla\/?p=16815"},"modified":"2024-08-02T07:19:33","modified_gmt":"2024-08-02T06:19:33","slug":"u-strucnoj-posjeti-klinici-za-psihijatriju-boravi-prof-dr-kanita-dervic","status":"publish","type":"post","link":"https:\/\/www.ukctuzla.ba\/ukctuzla\/?p=16815&lang=bs","title":{"rendered":"U stru\u010dnoj posjeti Klinici za psihijatriju boravi prof. dr. Kanita Dervi\u0107"},"content":{"rendered":"<p style=\"text-align: justify;\"><img loading=\"lazy\" decoding=\"async\" class=\"size-medium wp-image-16817 alignright\" src=\"https:\/\/www.ukctuzla.ba\/ukctuzla\/wp-content\/uploads\/2024\/08\/Psihijatrija-posjeta-profesorice-Kanite-iz-Beca-11-300x199.jpg\" alt=\"\" width=\"300\" height=\"199\" srcset=\"https:\/\/www.ukctuzla.ba\/ukctuzla\/wp-content\/uploads\/2024\/08\/Psihijatrija-posjeta-profesorice-Kanite-iz-Beca-11-300x199.jpg 300w, https:\/\/www.ukctuzla.ba\/ukctuzla\/wp-content\/uploads\/2024\/08\/Psihijatrija-posjeta-profesorice-Kanite-iz-Beca-11-1024x680.jpg 1024w, https:\/\/www.ukctuzla.ba\/ukctuzla\/wp-content\/uploads\/2024\/08\/Psihijatrija-posjeta-profesorice-Kanite-iz-Beca-11-768x510.jpg 768w, https:\/\/www.ukctuzla.ba\/ukctuzla\/wp-content\/uploads\/2024\/08\/Psihijatrija-posjeta-profesorice-Kanite-iz-Beca-11-1536x1021.jpg 1536w, https:\/\/www.ukctuzla.ba\/ukctuzla\/wp-content\/uploads\/2024\/08\/Psihijatrija-posjeta-profesorice-Kanite-iz-Beca-11.jpg 1600w\" sizes=\"auto, (max-width: 300px) 100vw, 300px\" \/>U stru\u010dnoj posjeti Klinici za psihijatriju UKC Tuzla boravi prof. dr. Kanita Dervi\u0107, specijalista psihijatrije te djecje i adolescentne psihijatrije iz AKH Be\u010d i profesorica na Medicinskom fakultetu Univerziteta u Be\u010du.<\/p>\n<p style=\"text-align: justify;\">Cilj posjete je nastavak uspje\u0161ne saradnje na nau\u010dnoistra\u017eiva\u010dkom radu sa prof. dr. Nerminom Kravi\u0107 i Klinikom za psihijatriju UKC Tuzla. Prema rije\u010dima prof. dr. Dervi\u0107 saradnja je rezultirala nagradom \u201cErnst Berger\u201d iz oblasti socijalne psihijatrije koju dodjeluje Udru\u017eenje dje\u010dijih i adolescentnih psihijatara Austrije. \u201eRadovi prof. dr. Kravi\u0107 su pove\u0107ali vidljivost bosanskohercegova\u010dke dje\u010dije psihijatrije u internacionalnoj nau\u010dnoistra\u017eiva\u010dkoj zajednici. \u017delimo da se ova saradnja dodatno pro\u0161iri na mlade kolege kod kojih vlada veliki entuzijazam\u201c, rekla je prof. dr. Dervi\u0107.<\/p>\n<p>Zahvalnost na posjeti iskazala je prof. dr. Nermina Kravi\u0107, \u0161ef Odjeljenja za dje\u010diju i adolescentnu psihijatriju UKC Tuzla i istakla da je \u010dast imati kolege u inostranstvu koje mo\u017eemo konsultovati kao u klini\u010dkom, tako i u nau\u010dnoistra\u017eiva\u010dkom radu. \u201eZavr\u0161etkom radova na adaptaciji prostora Odjeljenja za dje\u010diju i adolescentnu psihijatriju dobit \u0107emo adekvatne uslove za lije\u010denje pacijenata ali i raditi na prevenciji mentalnih poreme\u0107aja kod djece i adolescenata koje je u ovom trenutno izuzetno aktuelno. U tome o\u010dekujemo podrsku od prof. Dervi\u0107, posebno u oblasti edukacije\u201c, kazala je prof. dr. Kravi\u0107.<\/p>\n","protected":false},"excerpt":{"rendered":"<p>U stru\u010dnoj posjeti Klinici za psihijatriju UKC Tuzla boravi prof. dr. Kanita Dervi\u0107, specijalista psihijatrije te djecje i adolescentne psihijatrije iz AKH Be\u010d i profesorica na Medicinskom fakultetu Univerziteta u Be\u010du. Cilj posjete je nastavak uspje\u0161ne saradnje na nau\u010dnoistra\u017eiva\u010dkom radu sa prof. dr. Nerminom Kravi\u0107 i Klinikom za psihijatriju UKC Tuzla. Prema rije\u010dima prof. dr.&hellip;<\/p>\n","protected":false},"author":2,"featured_media":16816,"comment_status":"closed","ping_status":"open","sticky":false,"template":"","format":"standard","meta":{"footnotes":""},"categories":[11],"tags":[],"class_list":["post-16815","post","type-post","status-publish","format-standard","has-post-thumbnail","hentry","category-vijesti","category-11","description-off"],"_links":{"self":[{"href":"https:\/\/www.ukctuzla.ba\/ukctuzla\/index.php?rest_route=\/wp\/v2\/posts\/16815","targetHints":{"allow":["GET"]}}],"collection":[{"href":"https:\/\/www.ukctuzla.ba\/ukctuzla\/index.php?rest_route=\/wp\/v2\/posts"}],"about":[{"href":"https:\/\/www.ukctuzla.ba\/ukctuzla\/index.php?rest_route=\/wp\/v2\/types\/post"}],"author":[{"embeddable":true,"href":"https:\/\/www.ukctuzla.ba\/ukctuzla\/index.php?rest_route=\/wp\/v2\/users\/2"}],"replies":[{"embeddable":true,"href":"https:\/\/www.ukctuzla.ba\/ukctuzla\/index.php?rest_route=%2Fwp%2Fv2%2Fcomments&post=16815"}],"version-history":[{"count":1,"href":"https:\/\/www.ukctuzla.ba\/ukctuzla\/index.php?rest_route=\/wp\/v2\/posts\/16815\/revisions"}],"predecessor-version":[{"id":16818,"href":"https:\/\/www.ukctuzla.ba\/ukctuzla\/index.php?rest_route=\/wp\/v2\/posts\/16815\/revisions\/16818"}],"wp:featuredmedia":[{"embeddable":true,"href":"https:\/\/www.ukctuzla.ba\/ukctuzla\/index.php?rest_route=\/wp\/v2\/media\/16816"}],"wp:attachment":[{"href":"https:\/\/www.ukctuzla.ba\/ukctuzla\/index.php?rest_route=%2Fwp%2Fv2%2Fmedia&parent=16815"}],"wp:term":[{"taxonomy":"category","embeddable":true,"href":"https:\/\/www.ukctuzla.ba\/ukctuzla\/index.php?rest_route=%2Fwp%2Fv2%2Fcategories&post=16815"},{"taxonomy":"post_tag","embeddable":true,"href":"https:\/\/www.ukctuzla.ba\/ukctuzla\/index.php?rest_route=%2Fwp%2Fv2%2Ftags&post=16815"}],"curies":[{"name":"wp","href":"https:\/\/api.w.org\/{rel}","templated":true}]}}