{"id":17199,"date":"2024-10-14T12:59:13","date_gmt":"2024-10-14T11:59:13","guid":{"rendered":"https:\/\/www.ukctuzla.ba\/ukctuzla\/?p=17199"},"modified":"2024-10-14T13:00:23","modified_gmt":"2024-10-14T12:00:23","slug":"direktor-ukc-tuzla-prezentovao-medicinsku-opremu-koja-je-nabavljena-uz-podrsku-vlade-tk","status":"publish","type":"post","link":"https:\/\/www.ukctuzla.ba\/ukctuzla\/?p=17199&lang=bs","title":{"rendered":"Direktor UKC Tuzla prezentovao medicinsku opremu koja je nabavljena uz podr\u0161ku Vlade TK"},"content":{"rendered":"<p>U Univerzitetskom klini\u010dkom centru Tuzla odr\u017eana je konferencija za novinare na kojoj je predstavljena nabavljena medicinska oprema, sufinansirana od Vlade TK, kao i investicijski planovi za naredni period.<\/p>\n<p>Konferenciji su uz direktora UKC Tuzla, prof. dr. med. sci. \u0160ekiba Umihani\u0107a prisustvovali i premijer Tuzlanskog kantona Irfan Halilagi\u0107, ministrica zdravstva dr. Du\u0161anka Be\u0107irovi\u0107, ministrica prostornog ure\u0111enja i za\u0161tite okolice Anela Aj\u0161i\u0107, te zastupnica u Skup\u0161tini TK Sandra Im\u0161irovi\u0107.<img loading=\"lazy\" decoding=\"async\" class=\"wp-image-17202 alignright\" src=\"https:\/\/www.ukctuzla.ba\/ukctuzla\/wp-content\/uploads\/2024\/10\/IMG_1766-300x169.jpeg\" alt=\"\" width=\"435\" height=\"245\" srcset=\"https:\/\/www.ukctuzla.ba\/ukctuzla\/wp-content\/uploads\/2024\/10\/IMG_1766-300x169.jpeg 300w, https:\/\/www.ukctuzla.ba\/ukctuzla\/wp-content\/uploads\/2024\/10\/IMG_1766-1024x576.jpeg 1024w, https:\/\/www.ukctuzla.ba\/ukctuzla\/wp-content\/uploads\/2024\/10\/IMG_1766-768x432.jpeg 768w, https:\/\/www.ukctuzla.ba\/ukctuzla\/wp-content\/uploads\/2024\/10\/IMG_1766-1536x864.jpeg 1536w, https:\/\/www.ukctuzla.ba\/ukctuzla\/wp-content\/uploads\/2024\/10\/IMG_1766-2048x1152.jpeg 2048w, https:\/\/www.ukctuzla.ba\/ukctuzla\/wp-content\/uploads\/2024\/10\/IMG_1766-scaled.jpeg 1600w\" sizes=\"auto, (max-width: 435px) 100vw, 435px\" \/><\/p>\n<p>Direktor UKC Tuzla prof. dr. med. sc. \u0160ekib Umihani\u0107 u svom obra\u0107anju je izrazio zahvalnost premijeru Irfanu Halilagi\u0107u i resornim ministrima Vlade TK koji su prepoznali potrebe i pru\u017eili podr\u0161ku Univerzitetskom klini\u010dkom centru Tuzla.<\/p>\n<p>&#8220;U bud\u017eetu Tuzlanskog kantona izdvojena su finansijska sredstva za nabavku opreme koja je u na\u0161oj ustanovi procjenjena po prioritetima. Procjena je bila da je otprilike oko 80% postoje\u0107e opreme amortizovano i da se mora zanoviti savremenijom i pouzdanijom opremom. Tokom 2024. godine u ovoj ustanovi zahvaljuju\u0107i finansijskoj podr\u0161ci Vlade TK nabavljena je neophodna medicinska oprema u vrijednosti 7.265.848,14 KM. Ovim \u010dinom su stvoreni preduslovi za uve\u0111enje novih savremenih i visokosofisticiranih dijagnosti\u010dkih procedura, kao i novih operativnih metoda. Oko dva miliona konvertibilnih maraka nalazi se u fazi potpisivanja ugovora tenderske dokumentacije, tako da mo\u017eemo re\u0107i da su dozna\u010dena sredstva od 10 miliona u potpunosti i iskori\u0161tena. U narednih \u0161est mjeseci se o\u010dekuje i instaliranje novog linearnog akceleratora, CT simulatora, sistema za planiranje u radioterapiji i fantoma u vrijednosti od 8.499.008,00 KM za koji smo tokom pro\u0161le sedmice potpisali ugovor za nabavku sa dobavlja\u010dem&#8221;, istako je direktor Umihani\u0107.<\/p>\n<p>Tokom prezentacije direktor UKC Tuzla, prof. dr. Umihani\u0107 prisutnima je prezentovao i planove za naredni period u kojem je pored nabavke medicinske opreme u planu i realizacija projekata adaptacije i rekonstrukcije objekata u krugu UKC Tuzla. Prema njegovim rije\u010dima, adaptacija i rekonstrukcija Odjeljenja za dje\u010diju i adolescentnu psihijatriju je u zavr\u0161noj fazi, a u toku su i opse\u017eni radovi na adaptaciji i rekonstrukciji prostora <img loading=\"lazy\" decoding=\"async\" class=\" wp-image-17201 alignright\" src=\"https:\/\/www.ukctuzla.ba\/ukctuzla\/wp-content\/uploads\/2024\/10\/IMG_1782-300x204.jpeg\" alt=\"\" width=\"434\" height=\"295\" srcset=\"https:\/\/www.ukctuzla.ba\/ukctuzla\/wp-content\/uploads\/2024\/10\/IMG_1782-300x204.jpeg 300w, https:\/\/www.ukctuzla.ba\/ukctuzla\/wp-content\/uploads\/2024\/10\/IMG_1782-1024x697.jpeg 1024w, https:\/\/www.ukctuzla.ba\/ukctuzla\/wp-content\/uploads\/2024\/10\/IMG_1782-768x523.jpeg 768w, https:\/\/www.ukctuzla.ba\/ukctuzla\/wp-content\/uploads\/2024\/10\/IMG_1782-1536x1045.jpeg 1536w, https:\/\/www.ukctuzla.ba\/ukctuzla\/wp-content\/uploads\/2024\/10\/IMG_1782-2048x1394.jpeg 2048w, https:\/\/www.ukctuzla.ba\/ukctuzla\/wp-content\/uploads\/2024\/10\/IMG_1782-scaled.jpeg 1600w\" sizes=\"auto, (max-width: 434px) 100vw, 434px\" \/>Klinike za ginekologiju i aku\u0161erstvo i Klinike za bolesti uha, grla, nosa i hirurgiju glave i vrata. Kako je ovom prilikom istakao direktor Umihani\u0107, u toku 2024. godine realizovan je i projekat energetske efikasnosti u okviru kojeg je izvr\u0161eno utopljavanje Klinike za interne bolesti. Uporedo sa realizacijom projekta energetske efikasnosti na ovom objektu ura\u0111ene su brojne adaptacije i rekonstrukcije na svim klinikama. Nastavkom ovog projekta planirano je u 2025. godini izvr\u0161iti i utopljavanje Klinike za zarazne bolesti, kao i izgradnju stanice za te\u010dni nafni gas za potrebe kotlovnice UKC Tuzla, a uporedo sa navedenim radit \u0107e se i na projektu realizacije ugradnje solarnih panela na krovovima klinika na kojima postoje tehni\u010dki preduslovi.<\/p>\n<p>Prisutnima se obratio i premijer TK, Irfan Halilagi\u0107 koji je direktoru Umihani\u0107u i menad\u017ementu UKC Tuzla \u010destitao na transparentnosti izvr\u0161enih nabavki.<\/p>\n<p>\u201cNa\u017ealost tenderske i procedure javnih nabavki su jako komplikovane. To vidimo i na ovim nabavkama i vidimo da je od ukupno odobrenih 10 miliona KM, realizirano oko 7,5 miliona. Ipak moram istaknuti da sam izuzetno zadovoljan da je ova finansijska injekcija, koja je najve\u0107a nakon Plave bolnice, uspje\u0161no realizirana. To treba istaknuti kao zna\u010dajnu \u010dinjenicu. Vlada Tuzlanskog kantona \u0107e i dalje sigurno biti klju\u010dni partner UKC Tuzla u njegovom uzdizanju i vra\u0107anju na poziciju gdje on objektivno treba da bude. Va\u017eno je da imamo politi\u010dku stabilnost i Upravu koja to \u017eeli da prati, da ima viziju i volju i \u017eelju da stvari pomi\u010demo naprijed. Uz Kampus i zgradu Vlade TK, ovaj projekat pokazuje da smo sposobni pokrenuti i realizirati velike projekte. Navedeni planovi za UKC nisu nerealni. Nakon zavr\u0161ene procedure nabavke linearnog akceleratora, \u0161to je bila na\u0161a i moralna i profesionalna obaveza, sada se moramo okrenuti i na\u0161u energiju usmjeriti na realizaciju ovih velikih planova\u201d, kazao je premijer Halilagi\u0107.<\/p>\n<p>Konferencija je bila i prilika za dodjelu povelje UKC Tuzla premijeru TK, Irfanu Halilagi\u0107u za podr\u0161ku koju Vlada TK kontinuirano pru\u017ea Univerzitetskom klini\u010dkom centru Tuzla.<\/p>\n","protected":false},"excerpt":{"rendered":"<p>U Univerzitetskom klini\u010dkom centru Tuzla odr\u017eana je konferencija za novinare na kojoj je predstavljena nabavljena medicinska oprema, sufinansirana od Vlade TK, kao i investicijski planovi za naredni period. Konferenciji su uz direktora UKC Tuzla, prof. dr. med. sci. \u0160ekiba Umihani\u0107a prisustvovali i premijer Tuzlanskog kantona Irfan Halilagi\u0107, ministrica zdravstva dr. Du\u0161anka Be\u0107irovi\u0107, ministrica prostornog ure\u0111enja&hellip;<\/p>\n","protected":false},"author":5,"featured_media":17200,"comment_status":"closed","ping_status":"open","sticky":false,"template":"","format":"standard","meta":{"footnotes":""},"categories":[11],"tags":[],"class_list":["post-17199","post","type-post","status-publish","format-standard","has-post-thumbnail","hentry","category-vijesti","category-11","description-off"],"_links":{"self":[{"href":"https:\/\/www.ukctuzla.ba\/ukctuzla\/index.php?rest_route=\/wp\/v2\/posts\/17199","targetHints":{"allow":["GET"]}}],"collection":[{"href":"https:\/\/www.ukctuzla.ba\/ukctuzla\/index.php?rest_route=\/wp\/v2\/posts"}],"about":[{"href":"https:\/\/www.ukctuzla.ba\/ukctuzla\/index.php?rest_route=\/wp\/v2\/types\/post"}],"author":[{"embeddable":true,"href":"https:\/\/www.ukctuzla.ba\/ukctuzla\/index.php?rest_route=\/wp\/v2\/users\/5"}],"replies":[{"embeddable":true,"href":"https:\/\/www.ukctuzla.ba\/ukctuzla\/index.php?rest_route=%2Fwp%2Fv2%2Fcomments&post=17199"}],"version-history":[{"count":1,"href":"https:\/\/www.ukctuzla.ba\/ukctuzla\/index.php?rest_route=\/wp\/v2\/posts\/17199\/revisions"}],"predecessor-version":[{"id":17203,"href":"https:\/\/www.ukctuzla.ba\/ukctuzla\/index.php?rest_route=\/wp\/v2\/posts\/17199\/revisions\/17203"}],"wp:featuredmedia":[{"embeddable":true,"href":"https:\/\/www.ukctuzla.ba\/ukctuzla\/index.php?rest_route=\/wp\/v2\/media\/17200"}],"wp:attachment":[{"href":"https:\/\/www.ukctuzla.ba\/ukctuzla\/index.php?rest_route=%2Fwp%2Fv2%2Fmedia&parent=17199"}],"wp:term":[{"taxonomy":"category","embeddable":true,"href":"https:\/\/www.ukctuzla.ba\/ukctuzla\/index.php?rest_route=%2Fwp%2Fv2%2Fcategories&post=17199"},{"taxonomy":"post_tag","embeddable":true,"href":"https:\/\/www.ukctuzla.ba\/ukctuzla\/index.php?rest_route=%2Fwp%2Fv2%2Ftags&post=17199"}],"curies":[{"name":"wp","href":"https:\/\/api.w.org\/{rel}","templated":true}]}}