{"id":17227,"date":"2024-10-22T09:50:17","date_gmt":"2024-10-22T08:50:17","guid":{"rendered":"https:\/\/www.ukctuzla.ba\/ukctuzla\/?p=17227"},"modified":"2024-10-22T09:50:17","modified_gmt":"2024-10-22T08:50:17","slug":"zdravstvena-pismenost-digitalizacija-u-medicini-i-artificijalna-inteligencija-u-medicini-tema-su-strucnih-predavanja-organizovanih-za-uposlenike-ukc-tuzla","status":"publish","type":"post","link":"https:\/\/www.ukctuzla.ba\/ukctuzla\/?p=17227&lang=bs","title":{"rendered":"Zdravstvena pismenost, digitalizacija u medicini i artificijalna inteligencija u medicini tema su stru\u010dnih predavanja organizovanih za uposlenike UKC Tuzla"},"content":{"rendered":"<p>U stru\u010dnoj posjeti UKC Tuzla boravi prof. Zada Pajali\u0107, dr. med. sci., prodekan za istra\u017eivanje, razvoj i inovacije na Univerzitetu Jugoisto\u010dne Norve\u0161ke.<img loading=\"lazy\" decoding=\"async\" class=\" wp-image-17229 alignright\" src=\"https:\/\/www.ukctuzla.ba\/ukctuzla\/wp-content\/uploads\/2024\/10\/370227be-8980-4994-a09f-0a3acfe28f1e-300x199.jpg\" alt=\"\" width=\"387\" height=\"257\" srcset=\"https:\/\/www.ukctuzla.ba\/ukctuzla\/wp-content\/uploads\/2024\/10\/370227be-8980-4994-a09f-0a3acfe28f1e-300x199.jpg 300w, https:\/\/www.ukctuzla.ba\/ukctuzla\/wp-content\/uploads\/2024\/10\/370227be-8980-4994-a09f-0a3acfe28f1e-1024x680.jpg 1024w, https:\/\/www.ukctuzla.ba\/ukctuzla\/wp-content\/uploads\/2024\/10\/370227be-8980-4994-a09f-0a3acfe28f1e-768x510.jpg 768w, https:\/\/www.ukctuzla.ba\/ukctuzla\/wp-content\/uploads\/2024\/10\/370227be-8980-4994-a09f-0a3acfe28f1e-1536x1020.jpg 1536w, https:\/\/www.ukctuzla.ba\/ukctuzla\/wp-content\/uploads\/2024\/10\/370227be-8980-4994-a09f-0a3acfe28f1e-2048x1361.jpg 2048w, https:\/\/www.ukctuzla.ba\/ukctuzla\/wp-content\/uploads\/2024\/10\/370227be-8980-4994-a09f-0a3acfe28f1e-scaled.jpg 1600w\" sizes=\"auto, (max-width: 387px) 100vw, 387px\" \/><\/p>\n<p>Posjeta se realizuje u okviru projekta &#8220;Prenos znanja, vje\u0161tina i iskustva iz iseljeni\u0161tva u Bosnu i Hercegovinu&#8221;, koji vodi Ministarstvo za ljudska prava i izbjeglice Bosne i Hercegovine.<\/p>\n<p>Cilj projekta je povezivanje institucija iz Bosne i Hercegovine sa stru\u010dnjacima iz dijaspore, koji imaju bogato iskustvo i znanje, a bosanskohercegova\u010dkog su porijekla.<\/p>\n<p>Prof. Pajali\u0107 je prva od nekoliko stru\u010dnjaka koji \u0107e tokom 2024. i 2025. godine posjetiti UKC Tuzla.<\/p>\n<p>Tokom petodnevne posjete prof. Pajali\u0107 \u0107e odr\u017eati niz edukativnih predavanja i workshopova unutar edukacije pod nazivom &#8221; Zdravstvena pismenost, digitalizacija u medicini, artificijalna inteligencija u medicini, medicinski tretmani i ku\u0107na njega, ku\u0107na njega i audiovizualni monitoring iz oblasti medicine&#8221;.<\/p>\n<p>Edukaciju \u0107e pro\u0107i vi\u0161e od 100 zaposlenika UKC Tuzla, uklju\u010duju\u0107i medicinske sestre, doktore medicine, kao i nemedicinski kadar.<\/p>\n<p>\u201eU nordijskim zemljama, organizacija obrazovanja je fokusirana na prakti\u010dnu primjenu i efikasnu komunikaciju s pacijentima. Razvoj nauke zahtijeva prilagodbu obrazovnog sistema, te stoga su evidentne i velike izmjene u na\u010dinu obrazovanja zdravstvenih radnika. Svoja iskustva \u017eelim podijeliti sa zdravstvenim radnicima UKC Tuzla i razgovarati o vizijama budu\u0107nosti zdravstva u Bosni i Hercegovini. Gdje vidimo na\u0161u profesiju za deset, dvadeset ili trideset godina? To su klju\u010dna pitanja koja \u0107emo raspraviti zajedno.\u201c- istakla je prof. Pajali\u0107<\/p>\n<p>O\u010dekuje se da \u0107e ovaj projekat i saradnja biti va\u017ean korak ka unapre\u0111enju zdravstvene za\u0161tite u UKC Tuzla, pru\u017eaju\u0107i priliku za usvajanje novih znanja i vje\u0161tina koje \u0107e doprinijeti boljoj kvaliteti usluga.<\/p>\n","protected":false},"excerpt":{"rendered":"<p>U stru\u010dnoj posjeti UKC Tuzla boravi prof. Zada Pajali\u0107, dr. med. sci., prodekan za istra\u017eivanje, razvoj i inovacije na Univerzitetu Jugoisto\u010dne Norve\u0161ke. Posjeta se realizuje u okviru projekta &#8220;Prenos znanja, vje\u0161tina i iskustva iz iseljeni\u0161tva u Bosnu i Hercegovinu&#8221;, koji vodi Ministarstvo za ljudska prava i izbjeglice Bosne i Hercegovine. Cilj projekta je povezivanje institucija&hellip;<\/p>\n","protected":false},"author":5,"featured_media":17228,"comment_status":"closed","ping_status":"open","sticky":false,"template":"","format":"standard","meta":{"footnotes":""},"categories":[11],"tags":[],"class_list":["post-17227","post","type-post","status-publish","format-standard","has-post-thumbnail","hentry","category-vijesti","category-11","description-off"],"_links":{"self":[{"href":"https:\/\/www.ukctuzla.ba\/ukctuzla\/index.php?rest_route=\/wp\/v2\/posts\/17227","targetHints":{"allow":["GET"]}}],"collection":[{"href":"https:\/\/www.ukctuzla.ba\/ukctuzla\/index.php?rest_route=\/wp\/v2\/posts"}],"about":[{"href":"https:\/\/www.ukctuzla.ba\/ukctuzla\/index.php?rest_route=\/wp\/v2\/types\/post"}],"author":[{"embeddable":true,"href":"https:\/\/www.ukctuzla.ba\/ukctuzla\/index.php?rest_route=\/wp\/v2\/users\/5"}],"replies":[{"embeddable":true,"href":"https:\/\/www.ukctuzla.ba\/ukctuzla\/index.php?rest_route=%2Fwp%2Fv2%2Fcomments&post=17227"}],"version-history":[{"count":1,"href":"https:\/\/www.ukctuzla.ba\/ukctuzla\/index.php?rest_route=\/wp\/v2\/posts\/17227\/revisions"}],"predecessor-version":[{"id":17230,"href":"https:\/\/www.ukctuzla.ba\/ukctuzla\/index.php?rest_route=\/wp\/v2\/posts\/17227\/revisions\/17230"}],"wp:featuredmedia":[{"embeddable":true,"href":"https:\/\/www.ukctuzla.ba\/ukctuzla\/index.php?rest_route=\/wp\/v2\/media\/17228"}],"wp:attachment":[{"href":"https:\/\/www.ukctuzla.ba\/ukctuzla\/index.php?rest_route=%2Fwp%2Fv2%2Fmedia&parent=17227"}],"wp:term":[{"taxonomy":"category","embeddable":true,"href":"https:\/\/www.ukctuzla.ba\/ukctuzla\/index.php?rest_route=%2Fwp%2Fv2%2Fcategories&post=17227"},{"taxonomy":"post_tag","embeddable":true,"href":"https:\/\/www.ukctuzla.ba\/ukctuzla\/index.php?rest_route=%2Fwp%2Fv2%2Ftags&post=17227"}],"curies":[{"name":"wp","href":"https:\/\/api.w.org\/{rel}","templated":true}]}}