{"id":17432,"date":"2024-11-22T14:12:44","date_gmt":"2024-11-22T13:12:44","guid":{"rendered":"https:\/\/www.ukctuzla.ba\/ukctuzla\/?p=17432"},"modified":"2024-11-22T14:37:16","modified_gmt":"2024-11-22T13:37:16","slug":"dan-drzavnosti-obiljezen-u-jzu-ukc-tuzla-2","status":"publish","type":"post","link":"https:\/\/www.ukctuzla.ba\/ukctuzla\/?p=17432&lang=bs","title":{"rendered":"Dan dr\u017eavnosti obilje\u017een u JZU UKC Tuzla"},"content":{"rendered":"<p>Dan dr\u017eavnosti Bosne i Hercegovine obilje\u017een je u Univerzitetskom klini\u010dkom centaru Tuzla.<img loading=\"lazy\" decoding=\"async\" class=\" wp-image-17437 alignright\" src=\"https:\/\/www.ukctuzla.ba\/ukctuzla\/wp-content\/uploads\/2024\/11\/Cestika-25-novembar-295x300.jpg\" alt=\"\" width=\"422\" height=\"429\" srcset=\"https:\/\/www.ukctuzla.ba\/ukctuzla\/wp-content\/uploads\/2024\/11\/Cestika-25-novembar-295x300.jpg 295w, https:\/\/www.ukctuzla.ba\/ukctuzla\/wp-content\/uploads\/2024\/11\/Cestika-25-novembar-1007x1024.jpg 1007w, https:\/\/www.ukctuzla.ba\/ukctuzla\/wp-content\/uploads\/2024\/11\/Cestika-25-novembar-768x781.jpg 768w, https:\/\/www.ukctuzla.ba\/ukctuzla\/wp-content\/uploads\/2024\/11\/Cestika-25-novembar-1511x1536.jpg 1511w, https:\/\/www.ukctuzla.ba\/ukctuzla\/wp-content\/uploads\/2024\/11\/Cestika-25-novembar-2015x2048.jpg 2015w, https:\/\/www.ukctuzla.ba\/ukctuzla\/wp-content\/uploads\/2024\/11\/Cestika-25-novembar.jpg 1574w\" sizes=\"auto, (max-width: 422px) 100vw, 422px\" \/><\/p>\n<p>Delegacije Univerzitetskog klini\u010dkog centra Tuzla i Udru\u017eenja demobilisanih boraca Javnih zdravstvenih ustanova Tuzlanskog kantona polo\u017eili su cvije\u0107e na spomen obilje\u017eje u krugu Univerzitetskog klini\u010dkog centra Tuzla.<br \/>\nDan dr\u017eavnosti obilje\u017eava se u spomen osniva\u010dkoj skup\u0161tini ZAVNOBiH-a, koja je postavila temelje savremene dr\u017eavnosti na\u0161e zemlje.<\/p>\n<p>Tim povodom, prof. dr. med. sc. \u0160ekib Umihani\u0107, direktor UKC Tuzla uputio je \u010destitku u povodu Dana dr\u017eavnosti svim gra\u0111anima i zaposlenicima UKC Tuzla, te istakao da obilje\u017eavanje 25. novembra predstavlja obavezu o\u010duvanja dr\u017eavnosti i historijskog kontinuiteta Bosne i Hercegovine i njene antifa\u0161isti\u010dke tradicije. \u201cObilje\u017eavanjem ovog datuma podsje\u0107amo se na 1943. godinu i prvo zasjedanje ZAVNOBiH-a kao simbola slobode i demokracije Bosne i Hercegovine, ali i promovi\u0161emo su\u017eivot i toleranciju, uz po\u0161tivanje kulturnih razli\u010ditosti.<\/p>\n<p>Nakon polaganja cvije\u0107a odr\u017eano je predavanje profesora histrorije, dr. sc. Muhameda Husejnovi\u0107a i Amira Hod\u017ei\u0107a na temu Historijski korijeni dr\u017eavnosti Bosne kojem su pored gore navedenih delegacija prisustvovali i zaposlenici JZU Univerzitetskog klini\u010dkog centra Tuzla.<\/p>\n","protected":false},"excerpt":{"rendered":"<p>Dan dr\u017eavnosti Bosne i Hercegovine obilje\u017een je u Univerzitetskom klini\u010dkom centaru Tuzla. Delegacije Univerzitetskog klini\u010dkog centra Tuzla i Udru\u017eenja demobilisanih boraca Javnih zdravstvenih ustanova Tuzlanskog kantona polo\u017eili su cvije\u0107e na spomen obilje\u017eje u krugu Univerzitetskog klini\u010dkog centra Tuzla. Dan dr\u017eavnosti obilje\u017eava se u spomen osniva\u010dkoj skup\u0161tini ZAVNOBiH-a, koja je postavila temelje savremene dr\u017eavnosti na\u0161e zemlje.&hellip;<\/p>\n","protected":false},"author":5,"featured_media":17442,"comment_status":"closed","ping_status":"open","sticky":false,"template":"","format":"standard","meta":{"footnotes":""},"categories":[11],"tags":[],"class_list":["post-17432","post","type-post","status-publish","format-standard","has-post-thumbnail","hentry","category-vijesti","category-11","description-off"],"_links":{"self":[{"href":"https:\/\/www.ukctuzla.ba\/ukctuzla\/index.php?rest_route=\/wp\/v2\/posts\/17432","targetHints":{"allow":["GET"]}}],"collection":[{"href":"https:\/\/www.ukctuzla.ba\/ukctuzla\/index.php?rest_route=\/wp\/v2\/posts"}],"about":[{"href":"https:\/\/www.ukctuzla.ba\/ukctuzla\/index.php?rest_route=\/wp\/v2\/types\/post"}],"author":[{"embeddable":true,"href":"https:\/\/www.ukctuzla.ba\/ukctuzla\/index.php?rest_route=\/wp\/v2\/users\/5"}],"replies":[{"embeddable":true,"href":"https:\/\/www.ukctuzla.ba\/ukctuzla\/index.php?rest_route=%2Fwp%2Fv2%2Fcomments&post=17432"}],"version-history":[{"count":8,"href":"https:\/\/www.ukctuzla.ba\/ukctuzla\/index.php?rest_route=\/wp\/v2\/posts\/17432\/revisions"}],"predecessor-version":[{"id":17446,"href":"https:\/\/www.ukctuzla.ba\/ukctuzla\/index.php?rest_route=\/wp\/v2\/posts\/17432\/revisions\/17446"}],"wp:featuredmedia":[{"embeddable":true,"href":"https:\/\/www.ukctuzla.ba\/ukctuzla\/index.php?rest_route=\/wp\/v2\/media\/17442"}],"wp:attachment":[{"href":"https:\/\/www.ukctuzla.ba\/ukctuzla\/index.php?rest_route=%2Fwp%2Fv2%2Fmedia&parent=17432"}],"wp:term":[{"taxonomy":"category","embeddable":true,"href":"https:\/\/www.ukctuzla.ba\/ukctuzla\/index.php?rest_route=%2Fwp%2Fv2%2Fcategories&post=17432"},{"taxonomy":"post_tag","embeddable":true,"href":"https:\/\/www.ukctuzla.ba\/ukctuzla\/index.php?rest_route=%2Fwp%2Fv2%2Ftags&post=17432"}],"curies":[{"name":"wp","href":"https:\/\/api.w.org\/{rel}","templated":true}]}}