{"id":17508,"date":"2024-12-04T14:18:36","date_gmt":"2024-12-04T13:18:36","guid":{"rendered":"https:\/\/www.ukctuzla.ba\/ukctuzla\/?p=17508"},"modified":"2024-12-04T14:18:36","modified_gmt":"2024-12-04T13:18:36","slug":"najavljujemo-tecaj-onkoloske-fizioterapije","status":"publish","type":"post","link":"https:\/\/www.ukctuzla.ba\/ukctuzla\/?p=17508&lang=bs","title":{"rendered":"Najavljujemo te\u010daj Onkolo\u0161ke fizioterapije"},"content":{"rendered":"<p>U organizaciji Udru\u017eenja za fizioterapiju Federacije BiH, 5. i 6. decembra 2024. godine, u Univerzitetskom klini\u010dkom centru Tuzla odr\u017eat \u0107e se te\u010daj Onkolo\u0161ke fizioterapije.<\/p>\n<p>Te\u010daj je namijenjen fizioterapeutima i specijalistima fizikalne medicine i rehabilitacije.<\/p>\n<p>Voditelji te\u010daja \u0107e biti licencirana instruktorica onkolo\u0161ke fizioterapije Siobhan O\u2019Reilly iz Irske i Dr. fizioterapije Dina Barakat iz Libanona.<\/p>\n<p>Polaznici te\u010daja \u0107e pro\u0107i teoretsku i prakti\u010dnu edukaciju iz podru\u010dja rehabilitacije tumora.<\/p>\n<p>Tokom te\u010daja polaznici \u0107e imati priliku za upoznavanjem sa oblastima pregleda i tretmana tumora nakon hirur\u0161ke intervencije, hemoterapije i radijacije, uz fizioterapijski pristup i procjenu.<\/p>\n<p>Tako\u0111er \u0107e biti organizovane vje\u017ebe disanja, vje\u017ebe nakon operacije, manuelna terapija i samodrena\u017ea, kao i vje\u017ebe upravljanja sekundarnim limfedemom.<\/p>\n<p>Svi polaznici \u0107e nakon zavr\u0161ene edukacije dobiti certifikat o zavr\u0161enom te\u010daju.<\/p>\n","protected":false},"excerpt":{"rendered":"<p>U organizaciji Udru\u017eenja za fizioterapiju Federacije BiH, 5. i 6. decembra 2024. godine, u Univerzitetskom klini\u010dkom centru Tuzla odr\u017eat \u0107e se te\u010daj Onkolo\u0161ke fizioterapije. Te\u010daj je namijenjen fizioterapeutima i specijalistima fizikalne medicine i rehabilitacije. Voditelji te\u010daja \u0107e biti licencirana instruktorica onkolo\u0161ke fizioterapije Siobhan O\u2019Reilly iz Irske i Dr. fizioterapije Dina Barakat iz Libanona. Polaznici te\u010daja&hellip;<\/p>\n","protected":false},"author":5,"featured_media":16294,"comment_status":"closed","ping_status":"open","sticky":false,"template":"","format":"standard","meta":{"footnotes":""},"categories":[11],"tags":[],"class_list":["post-17508","post","type-post","status-publish","format-standard","has-post-thumbnail","hentry","category-vijesti","category-11","description-off"],"_links":{"self":[{"href":"https:\/\/www.ukctuzla.ba\/ukctuzla\/index.php?rest_route=\/wp\/v2\/posts\/17508","targetHints":{"allow":["GET"]}}],"collection":[{"href":"https:\/\/www.ukctuzla.ba\/ukctuzla\/index.php?rest_route=\/wp\/v2\/posts"}],"about":[{"href":"https:\/\/www.ukctuzla.ba\/ukctuzla\/index.php?rest_route=\/wp\/v2\/types\/post"}],"author":[{"embeddable":true,"href":"https:\/\/www.ukctuzla.ba\/ukctuzla\/index.php?rest_route=\/wp\/v2\/users\/5"}],"replies":[{"embeddable":true,"href":"https:\/\/www.ukctuzla.ba\/ukctuzla\/index.php?rest_route=%2Fwp%2Fv2%2Fcomments&post=17508"}],"version-history":[{"count":1,"href":"https:\/\/www.ukctuzla.ba\/ukctuzla\/index.php?rest_route=\/wp\/v2\/posts\/17508\/revisions"}],"predecessor-version":[{"id":17509,"href":"https:\/\/www.ukctuzla.ba\/ukctuzla\/index.php?rest_route=\/wp\/v2\/posts\/17508\/revisions\/17509"}],"wp:featuredmedia":[{"embeddable":true,"href":"https:\/\/www.ukctuzla.ba\/ukctuzla\/index.php?rest_route=\/wp\/v2\/media\/16294"}],"wp:attachment":[{"href":"https:\/\/www.ukctuzla.ba\/ukctuzla\/index.php?rest_route=%2Fwp%2Fv2%2Fmedia&parent=17508"}],"wp:term":[{"taxonomy":"category","embeddable":true,"href":"https:\/\/www.ukctuzla.ba\/ukctuzla\/index.php?rest_route=%2Fwp%2Fv2%2Fcategories&post=17508"},{"taxonomy":"post_tag","embeddable":true,"href":"https:\/\/www.ukctuzla.ba\/ukctuzla\/index.php?rest_route=%2Fwp%2Fv2%2Ftags&post=17508"}],"curies":[{"name":"wp","href":"https:\/\/api.w.org\/{rel}","templated":true}]}}