{"id":1826,"date":"2016-03-16T12:31:08","date_gmt":"2016-03-16T11:31:08","guid":{"rendered":"http:\/\/www.ukctuzla.com.ba\/ukctuzla\/?p=1826"},"modified":"2016-03-18T12:33:00","modified_gmt":"2016-03-18T11:33:00","slug":"na-konferenciji-za-novinare-pozvani-svi-u-akciju-za-ekopsihijatriju","status":"publish","type":"post","link":"https:\/\/www.ukctuzla.ba\/ukctuzla\/?p=1826&lang=bs","title":{"rendered":"Na konferenciji za novinare pozvani svi u akciju za ekopsihijatriju"},"content":{"rendered":"<p>U organizaciji Klinike za psihijatriju UKC Tuzla danas je odr\u017eana konferencija za medije na kojoj je prezentovan plan \u010di\u0161\u0107enja pristupne zone klinike. Na konferenciji su se obratili prof. dr. Izet Pajevi\u0107, na\u010delnik Klinike za psihijatriju, Goran Mi\u0161i\u0107, pomo\u0107nik ministra za prostorno ure\u0111enje i za\u0161titu okolice i Mirsada \u0160e\u0107erbegovi\u0107 ispred Slu\u017ebe za komunalne poslove i rad u mjesnim zajednicama Grada Tuzle. Konferenciji su prisustvovali i predstavnici omladinskih i studentskih organizacija TK, Eko-zelenih TK i Korisni\u010dkih udru\u017eenja TK.<\/p>\n<p>Akcija pod nazivom &#8220;Svi u akciju za Ekopsihijatriju&#8221; \u0107e se realizovati u tri faze, prva faza je \u010di\u0161\u0107enje pristupne zone klinike, druga faza \u0107e biti kultivisanje zemlji\u0161ta, a u tre\u0107oj fazi je planirana izgradnja ekoparka.<\/p>\n<p>U\u010desnici konferencije su istakli da Prva faza zapo\u010dinje 19. marta 2016. godine, u 9 sati, okupljanjem ispred Klinike u Solini, te su ovom prilikom pozvali sve gra\u0111ane Tuzle da se priklju\u010de akciji i ponesu lopate, grablje, makaze, rukavice i drugi vrtni alat koji \u0107e pomo\u0107i u \u010di\u0161\u0107enju.<\/p>\n<p>Prof. dr. Izet Pajevi\u0107 je u svom obra\u0107anju istakao da Ekopsihijatrija predstavlja novu granu medicine koja u fokus stavlja uticaj okru\u017eenja na zdravlje, te \u0107e moto ove akcije biti &#8220;\u010ci\u0161\u0107enjem prirode pobolj\u0161avate svoje psihi\u010dko zdravlje&#8221;.<\/p>\n","protected":false},"excerpt":{"rendered":"<p>U organizaciji Klinike za psihijatriju UKC Tuzla danas je odr\u017eana konferencija za medije na kojoj je prezentovan plan \u010di\u0161\u0107enja pristupne zone klinike. Na konferenciji su se obratili prof. dr. Izet Pajevi\u0107, na\u010delnik Klinike za psihijatriju, Goran Mi\u0161i\u0107, pomo\u0107nik ministra za prostorno ure\u0111enje i za\u0161titu okolice i Mirsada \u0160e\u0107erbegovi\u0107 ispred Slu\u017ebe za komunalne poslove i rad&hellip;<\/p>\n","protected":false},"author":1,"featured_media":16294,"comment_status":"closed","ping_status":"open","sticky":false,"template":"","format":"standard","meta":{"footnotes":""},"categories":[11],"tags":[],"class_list":["post-1826","post","type-post","status-publish","format-standard","has-post-thumbnail","hentry","category-vijesti","category-11","description-off"],"_links":{"self":[{"href":"https:\/\/www.ukctuzla.ba\/ukctuzla\/index.php?rest_route=\/wp\/v2\/posts\/1826","targetHints":{"allow":["GET"]}}],"collection":[{"href":"https:\/\/www.ukctuzla.ba\/ukctuzla\/index.php?rest_route=\/wp\/v2\/posts"}],"about":[{"href":"https:\/\/www.ukctuzla.ba\/ukctuzla\/index.php?rest_route=\/wp\/v2\/types\/post"}],"author":[{"embeddable":true,"href":"https:\/\/www.ukctuzla.ba\/ukctuzla\/index.php?rest_route=\/wp\/v2\/users\/1"}],"replies":[{"embeddable":true,"href":"https:\/\/www.ukctuzla.ba\/ukctuzla\/index.php?rest_route=%2Fwp%2Fv2%2Fcomments&post=1826"}],"version-history":[{"count":1,"href":"https:\/\/www.ukctuzla.ba\/ukctuzla\/index.php?rest_route=\/wp\/v2\/posts\/1826\/revisions"}],"predecessor-version":[{"id":1828,"href":"https:\/\/www.ukctuzla.ba\/ukctuzla\/index.php?rest_route=\/wp\/v2\/posts\/1826\/revisions\/1828"}],"wp:featuredmedia":[{"embeddable":true,"href":"https:\/\/www.ukctuzla.ba\/ukctuzla\/index.php?rest_route=\/wp\/v2\/media\/16294"}],"wp:attachment":[{"href":"https:\/\/www.ukctuzla.ba\/ukctuzla\/index.php?rest_route=%2Fwp%2Fv2%2Fmedia&parent=1826"}],"wp:term":[{"taxonomy":"category","embeddable":true,"href":"https:\/\/www.ukctuzla.ba\/ukctuzla\/index.php?rest_route=%2Fwp%2Fv2%2Fcategories&post=1826"},{"taxonomy":"post_tag","embeddable":true,"href":"https:\/\/www.ukctuzla.ba\/ukctuzla\/index.php?rest_route=%2Fwp%2Fv2%2Ftags&post=1826"}],"curies":[{"name":"wp","href":"https:\/\/api.w.org\/{rel}","templated":true}]}}