{"id":18433,"date":"2025-04-16T14:07:19","date_gmt":"2025-04-16T13:07:19","guid":{"rendered":"https:\/\/www.ukctuzla.ba\/ukctuzla\/?p=18433"},"modified":"2025-04-16T14:16:55","modified_gmt":"2025-04-16T13:16:55","slug":"u-ukc-tuzla-obiljezen-svjetski-dan-glasa","status":"publish","type":"post","link":"https:\/\/www.ukctuzla.ba\/ukctuzla\/?p=18433&lang=bs","title":{"rendered":"U UKC Tuzla obilje\u017een Svjetski dan glasa"},"content":{"rendered":"<p>U povodu obilje\u017eavanja Svjetskog dana glasa, Klinika za bolesti uha, grla i nosa i hirurgiju glave i vrata, zajedno sa Udru\u017eenjem traheotomiranih osoba Tuzla, organizovala je konferenciju za medije na kojoj su najavili planirane aktivnosti u okviru kojih \u0107e pacijentima, ali i \u0161iroj javnosti, pru\u017eiti informacije i savjete o promjeni boje glasa i promuklosti koja traje du\u017ei vremenski period i mo\u017ee ukazivati na postojanje tumora glasnica, te ukazati na zna\u010daj rane dijagnostike i pravovremenog lije\u010denja.<img loading=\"lazy\" decoding=\"async\" class=\" wp-image-18434 alignright\" src=\"https:\/\/www.ukctuzla.ba\/ukctuzla\/wp-content\/uploads\/2025\/04\/Svjestki-dan-glasa-2-300x199.jpg\" alt=\"\" width=\"528\" height=\"350\" srcset=\"https:\/\/www.ukctuzla.ba\/ukctuzla\/wp-content\/uploads\/2025\/04\/Svjestki-dan-glasa-2-300x199.jpg 300w, https:\/\/www.ukctuzla.ba\/ukctuzla\/wp-content\/uploads\/2025\/04\/Svjestki-dan-glasa-2-1024x681.jpg 1024w, https:\/\/www.ukctuzla.ba\/ukctuzla\/wp-content\/uploads\/2025\/04\/Svjestki-dan-glasa-2-768x510.jpg 768w, https:\/\/www.ukctuzla.ba\/ukctuzla\/wp-content\/uploads\/2025\/04\/Svjestki-dan-glasa-2-1536x1021.jpg 1536w, https:\/\/www.ukctuzla.ba\/ukctuzla\/wp-content\/uploads\/2025\/04\/Svjestki-dan-glasa-2-2048x1361.jpg 2048w, https:\/\/www.ukctuzla.ba\/ukctuzla\/wp-content\/uploads\/2025\/04\/Svjestki-dan-glasa-2-scaled.jpg 1600w\" sizes=\"auto, (max-width: 528px) 100vw, 528px\" \/><br \/>\nDr. Lejla Toki\u0107, spec. otorinolaringologije i predsjednica Udru\u017eenja traheotomiranih osoba tokom obra\u0107anja novinarima je istakla da je cilj organizatora ukazati na zna\u010daj preventivnih pregleda i pravovremene dijagnostike jer karcinom larinksa naj\u010de\u0161\u0107e potje\u010de od glasnica i brzo uzrokuje promuklost. &#8220;Osobe koje su promukle du\u017ee od dvije do tri sedmice trebale bi potra\u017eiti lije\u010dni\u010dku pomo\u0107. Ako ljekar procjeni da je potrebno pacijent se upu\u0107uje na dodatne pretrage i biopsiju. Lije\u010denje raka grkljana ovisi o stadiju i ta\u010dnoj lokalizaciji karcinoma&#8221;, rekla je dr. Toki\u0107 i dodala da je ponosna na \u010dinjenicu da me\u0111u pacijentima u Udru\u017eenju traheotomiranih osoba Tuzla imaju \u010dlanove koji su prije 15 godina bili podvrgnuti totalnoj laringektomiji, a da su i danas aktivni \u010dlanovi udru\u017eenja. &#8220;Osnovna ideja nastanka Udru\u017eenja traheotomiranih osoba le\u017ei u uvjerenju da se kroz zajedni\u010dku podr\u0161ku i dijalog mo\u017ee posti\u0107i kvalitetniji \u017eivot nakon totalne laringektomije. Na\u0161e Udru\u017eenje okuplja traheotomirane osobe, njihove porodice i prijatelje, grade\u0107i zajednicu koja pru\u017ea podr\u0161ku i dijeli iskustva s ciljem da se potaknu pozitivne promjene u \u017eivotu pacijenata i \u0161ire zajednice&#8221;, ka\u017ee dr. Toki\u0107 .<br \/>\nO savjetima za vokalnu higijenu i kada se javiti za pregled logopedu govorila je dr. sc. Selma Altumbabi\u0107, diplomirani defektolog-logoped. &#8220;Nakon multidisciplinarne dijagnosti\u010dke obrade pacijent kojem su dijagnostikovane promjene glasa upu\u0107uje se na pregled logopeda u Fonijatrijsko odjeljenje gdje se podvrgava daljoj dijagnosti\u010dkoj obradi i utvr\u0111ivanju artikulaciono-jezi\u010dkog statusa, te rehabilitaciji govora&#8221;, istakla je Altumbabi\u0107 te prisutnima prezentovala savjete za njegu glasa.<\/p>\n<p>Prisutnim novinarima o svom iskustvu nakon laringektomije govorio je pacijet Nuraga Mo\u0107i\u0107. On je ukazao na zna\u010daj postojanja Udru\u017eenja traheotomiranih osoba jer pacijenti kroz dru\u017eenje i aktivnosti dobijaju podr\u0161ku i smjernice koje uti\u010du na kvalitetniji \u017eivot onkolo\u0161kih pacijenata. Mo\u0107i\u0107 je istakao i problem s kojim se susre\u0107u pacijenti sa govornom protezom u smislu da je rije\u010d o vrlo osjetljivom aparatu koji zahtjeva i \u010deste popravke, ali da pacijenti refundaciju mogu ostvariti samo dva puta, te bi bilo va\u017eno da se odgovorne institucije uklju\u010de kako bi se pacijentima omogu\u0107io ve\u0107i broj refundiranih popravki govornih proteza.<\/p>\n<p>Nakon odr\u017eane konferencije za medije predstavnici Udru\u017eenja traheotomiranih osoba Tuzla i ljekari, medicinari i logopedi Klinike za bolesti uha, grla i nosa i hirurgiju glave i vrata UKC Tuzla na gradskom Trgu su uz podjelu informativnih letaka i razgovor sa gra\u0111anima poku\u0161ali ukazati na zna\u010daj preventivnih pregleda, ranog otkrivanja i lije\u010denja bolesti glasnica.<br \/>\nU okviru najavljenih aktivnosti danas su na Klinici za bolesti uha, grla i nosa i hirurgiju glave i vrata za gr\u0111ane bili organizovani i besplatni preventivni pregledi.<br \/>\nPregledima su se mogli podvrgnuti svi zainteresovani gra\u0111ani koji su imali promuklost du\u017eu od dvije do tri sedmice, koji su hroni\u010dni pu\u0161a\u010di ili osje\u0107aju glasovni zamor i netsabilnost u glasu, te imaju nelagodu u grlu, ali i glasovni profesionalci poput nastavnika, spikera i pjeva\u010da, kao i djeca sa hroni\u010dnom promuklo\u0161\u0107u.<\/p>\n","protected":false},"excerpt":{"rendered":"<p>U povodu obilje\u017eavanja Svjetskog dana glasa, Klinika za bolesti uha, grla i nosa i hirurgiju glave i vrata, zajedno sa Udru\u017eenjem traheotomiranih osoba Tuzla, organizovala je konferenciju za medije na kojoj su najavili planirane aktivnosti u okviru kojih \u0107e pacijentima, ali i \u0161iroj javnosti, pru\u017eiti informacije i savjete o promjeni boje glasa i promuklosti koja&hellip;<\/p>\n","protected":false},"author":5,"featured_media":18435,"comment_status":"closed","ping_status":"open","sticky":false,"template":"","format":"standard","meta":{"footnotes":""},"categories":[11],"tags":[],"class_list":["post-18433","post","type-post","status-publish","format-standard","has-post-thumbnail","hentry","category-vijesti","category-11","description-off"],"_links":{"self":[{"href":"https:\/\/www.ukctuzla.ba\/ukctuzla\/index.php?rest_route=\/wp\/v2\/posts\/18433","targetHints":{"allow":["GET"]}}],"collection":[{"href":"https:\/\/www.ukctuzla.ba\/ukctuzla\/index.php?rest_route=\/wp\/v2\/posts"}],"about":[{"href":"https:\/\/www.ukctuzla.ba\/ukctuzla\/index.php?rest_route=\/wp\/v2\/types\/post"}],"author":[{"embeddable":true,"href":"https:\/\/www.ukctuzla.ba\/ukctuzla\/index.php?rest_route=\/wp\/v2\/users\/5"}],"replies":[{"embeddable":true,"href":"https:\/\/www.ukctuzla.ba\/ukctuzla\/index.php?rest_route=%2Fwp%2Fv2%2Fcomments&post=18433"}],"version-history":[{"count":3,"href":"https:\/\/www.ukctuzla.ba\/ukctuzla\/index.php?rest_route=\/wp\/v2\/posts\/18433\/revisions"}],"predecessor-version":[{"id":18438,"href":"https:\/\/www.ukctuzla.ba\/ukctuzla\/index.php?rest_route=\/wp\/v2\/posts\/18433\/revisions\/18438"}],"wp:featuredmedia":[{"embeddable":true,"href":"https:\/\/www.ukctuzla.ba\/ukctuzla\/index.php?rest_route=\/wp\/v2\/media\/18435"}],"wp:attachment":[{"href":"https:\/\/www.ukctuzla.ba\/ukctuzla\/index.php?rest_route=%2Fwp%2Fv2%2Fmedia&parent=18433"}],"wp:term":[{"taxonomy":"category","embeddable":true,"href":"https:\/\/www.ukctuzla.ba\/ukctuzla\/index.php?rest_route=%2Fwp%2Fv2%2Fcategories&post=18433"},{"taxonomy":"post_tag","embeddable":true,"href":"https:\/\/www.ukctuzla.ba\/ukctuzla\/index.php?rest_route=%2Fwp%2Fv2%2Ftags&post=18433"}],"curies":[{"name":"wp","href":"https:\/\/api.w.org\/{rel}","templated":true}]}}