{"id":18491,"date":"2025-04-24T09:57:46","date_gmt":"2025-04-24T08:57:46","guid":{"rendered":"https:\/\/www.ukctuzla.ba\/ukctuzla\/?p=18491"},"modified":"2025-04-24T09:57:46","modified_gmt":"2025-04-24T08:57:46","slug":"u-ukc-tuzla-odrzana-druga-skola-atopije","status":"publish","type":"post","link":"https:\/\/www.ukctuzla.ba\/ukctuzla\/?p=18491&lang=bs","title":{"rendered":"U UKC Tuzla odr\u017eana druga \u0160kola atopije"},"content":{"rendered":"<p style=\"text-align: left;\">U organizaciji Klinike za ko\u017ene bolesti UKC Tuzla i suorganizaciji Udru\u017eenja pacijenata sa alergijom, astmom i atopijskim dermatitisom, odr\u017eana je druga po redu \u0160kola atopije, edukativni doga\u0111aj usmjeren na bolju informisanost i podr\u0161ku osobama koje \u017eive s atopijskim dermatitisom (AD).<\/p>\n<p style=\"text-align: left;\"><img loading=\"lazy\" decoding=\"async\" class=\"size-medium wp-image-18493 alignleft\" src=\"https:\/\/www.ukctuzla.ba\/ukctuzla\/wp-content\/uploads\/2025\/04\/IMG_8546-300x169.jpg\" alt=\"\" width=\"300\" height=\"169\" srcset=\"https:\/\/www.ukctuzla.ba\/ukctuzla\/wp-content\/uploads\/2025\/04\/IMG_8546-300x169.jpg 300w, https:\/\/www.ukctuzla.ba\/ukctuzla\/wp-content\/uploads\/2025\/04\/IMG_8546-1024x576.jpg 1024w, https:\/\/www.ukctuzla.ba\/ukctuzla\/wp-content\/uploads\/2025\/04\/IMG_8546-768x432.jpg 768w, https:\/\/www.ukctuzla.ba\/ukctuzla\/wp-content\/uploads\/2025\/04\/IMG_8546-1536x864.jpg 1536w, https:\/\/www.ukctuzla.ba\/ukctuzla\/wp-content\/uploads\/2025\/04\/IMG_8546-2048x1152.jpg 2048w, https:\/\/www.ukctuzla.ba\/ukctuzla\/wp-content\/uploads\/2025\/04\/IMG_8546-scaled.jpg 1600w\" sizes=\"auto, (max-width: 300px) 100vw, 300px\" \/>Predavanja je odr\u017eala na\u010delnica Klinike za ko\u017ene bolesti dr. med. sci. Senada Resi\u0107, prof. dr. med. sci. Almira \u0106osi\u0107ki\u0107, \u0161efica Odjeljenja za reumatologiju, alergologiju i imunologiju Klinike za dje\u010dije bolesti UKC Tuzla, te vi\u0161a medicinska sestra Aj\u0161a Ba\u0161i\u0107, koja je govorila o pravilnoj primjeni lokalne terapije.<\/p>\n<p style=\"text-align: left;\">\u0160kola je okupila oboljele pacijente, osoblje Klinike i u\u010denike Srednje medicinske \u0161kole u Tuzli, stvaraju\u0107i prostor za me\u0111usobnu razmjenu znanja, iskustava i me\u0111usobne podr\u0161ke.<\/p>\n<p style=\"text-align: left;\">Atopijski dermatitis (AD) predstavlja jednu od naj\u010de\u0161\u0107ih ko\u017enih bolesti. Rije\u010d je o hroni\u010dno recidiviraju\u0107em upalnom oboljenju koje karakteriziraju svrbe\u017e, bolnost i upala ko\u017ee. Bolest se javlja kod osoba s atopijskom konstitucijom i \u010desto je udru\u017eena s drugim alergijskim bolestima, poput astme, alergijskog rinokonjunktivitisa i alergija na hranu. Po\u010detak bolesti je naj\u010de\u0161\u0107e u ranom djetinjstvu, a procjenjuje se da poga\u0111a i do 20% djece, odnosno izme\u0111u 2% i 10% odraslih osoba.<\/p>\n<p style=\"text-align: left;\">Uz somatske simptome, AD zna\u010dajno uti\u010de i na psihosocijalno stanje pacijenata, anksioznost, depresija, pa \u010dak i suicidalne misli nisu rijetkost me\u0111u oboljelima.<\/p>\n<p style=\"text-align: left;\">\u0160kola atopije ima vi\u0161estruki zna\u010daj, a edukacijom se nastoji smanjiti stigma i predrasude o bolesti, pomo\u0107i pacijentima u usvajanju pravilnih terapijskih navika, pribli\u017eiti im nove terapijske protokole i ista\u0107i va\u017enost psiholo\u0161kog zdravlja u toku lije\u010denja.<img loading=\"lazy\" decoding=\"async\" class=\"size-medium wp-image-18494 alignleft\" src=\"https:\/\/www.ukctuzla.ba\/ukctuzla\/wp-content\/uploads\/2025\/04\/IMG_8561-300x169.jpg\" alt=\"\" width=\"300\" height=\"169\" srcset=\"https:\/\/www.ukctuzla.ba\/ukctuzla\/wp-content\/uploads\/2025\/04\/IMG_8561-300x169.jpg 300w, https:\/\/www.ukctuzla.ba\/ukctuzla\/wp-content\/uploads\/2025\/04\/IMG_8561-1024x576.jpg 1024w, https:\/\/www.ukctuzla.ba\/ukctuzla\/wp-content\/uploads\/2025\/04\/IMG_8561-768x432.jpg 768w, https:\/\/www.ukctuzla.ba\/ukctuzla\/wp-content\/uploads\/2025\/04\/IMG_8561-1536x864.jpg 1536w, https:\/\/www.ukctuzla.ba\/ukctuzla\/wp-content\/uploads\/2025\/04\/IMG_8561-2048x1152.jpg 2048w, https:\/\/www.ukctuzla.ba\/ukctuzla\/wp-content\/uploads\/2025\/04\/IMG_8561-scaled.jpg 1600w\" sizes=\"auto, (max-width: 300px) 100vw, 300px\" \/><\/p>\n<p style=\"text-align: left;\">\u201eOvakvi edukativni doga\u0111aji jasno potvr\u0111uju opredijeljenost UKC Tuzla da aktivno radi na edukaciji pacijenata, njihovih porodica i zdravstvenih radnika. Cilj nam je pru\u017eiti sveobuhvatnu podr\u0161ku oboljelima, osna\u017eiti ih znanjem i pomo\u0107i im da se nose sa izazovima koje oboljenje nosi sa sobom. Edukacija je temelj savremenog zdravstvenog sistema, a ovakvi programi doprinose kvalitetnijem lije\u010denju i boljem kvalitetu \u017eivota pacijenata koji se lije\u010de u UKC Tuzla.\u201c \u2013 rekao je prof. dr. \u0160ekib Umihani\u0107, direktor UKC Tuzla.<\/p>\n","protected":false},"excerpt":{"rendered":"<p>U organizaciji Klinike za ko\u017ene bolesti UKC Tuzla i suorganizaciji Udru\u017eenja pacijenata sa alergijom, astmom i atopijskim dermatitisom, odr\u017eana je druga po redu \u0160kola atopije, edukativni doga\u0111aj usmjeren na bolju informisanost i podr\u0161ku osobama koje \u017eive s atopijskim dermatitisom (AD). Predavanja je odr\u017eala na\u010delnica Klinike za ko\u017ene bolesti dr. med. sci. Senada Resi\u0107, prof. dr.&hellip;<\/p>\n","protected":false},"author":5,"featured_media":18492,"comment_status":"closed","ping_status":"open","sticky":false,"template":"","format":"standard","meta":{"footnotes":""},"categories":[11],"tags":[],"class_list":["post-18491","post","type-post","status-publish","format-standard","has-post-thumbnail","hentry","category-vijesti","category-11","description-off"],"_links":{"self":[{"href":"https:\/\/www.ukctuzla.ba\/ukctuzla\/index.php?rest_route=\/wp\/v2\/posts\/18491","targetHints":{"allow":["GET"]}}],"collection":[{"href":"https:\/\/www.ukctuzla.ba\/ukctuzla\/index.php?rest_route=\/wp\/v2\/posts"}],"about":[{"href":"https:\/\/www.ukctuzla.ba\/ukctuzla\/index.php?rest_route=\/wp\/v2\/types\/post"}],"author":[{"embeddable":true,"href":"https:\/\/www.ukctuzla.ba\/ukctuzla\/index.php?rest_route=\/wp\/v2\/users\/5"}],"replies":[{"embeddable":true,"href":"https:\/\/www.ukctuzla.ba\/ukctuzla\/index.php?rest_route=%2Fwp%2Fv2%2Fcomments&post=18491"}],"version-history":[{"count":1,"href":"https:\/\/www.ukctuzla.ba\/ukctuzla\/index.php?rest_route=\/wp\/v2\/posts\/18491\/revisions"}],"predecessor-version":[{"id":18495,"href":"https:\/\/www.ukctuzla.ba\/ukctuzla\/index.php?rest_route=\/wp\/v2\/posts\/18491\/revisions\/18495"}],"wp:featuredmedia":[{"embeddable":true,"href":"https:\/\/www.ukctuzla.ba\/ukctuzla\/index.php?rest_route=\/wp\/v2\/media\/18492"}],"wp:attachment":[{"href":"https:\/\/www.ukctuzla.ba\/ukctuzla\/index.php?rest_route=%2Fwp%2Fv2%2Fmedia&parent=18491"}],"wp:term":[{"taxonomy":"category","embeddable":true,"href":"https:\/\/www.ukctuzla.ba\/ukctuzla\/index.php?rest_route=%2Fwp%2Fv2%2Fcategories&post=18491"},{"taxonomy":"post_tag","embeddable":true,"href":"https:\/\/www.ukctuzla.ba\/ukctuzla\/index.php?rest_route=%2Fwp%2Fv2%2Ftags&post=18491"}],"curies":[{"name":"wp","href":"https:\/\/api.w.org\/{rel}","templated":true}]}}