{"id":19102,"date":"2025-07-24T16:59:33","date_gmt":"2025-07-24T15:59:33","guid":{"rendered":"https:\/\/www.ukctuzla.ba\/ukctuzla\/?p=19102"},"modified":"2025-07-24T16:59:33","modified_gmt":"2025-07-24T15:59:33","slug":"general-major-mirsad-ahmic-u-radnoj-posjeti-univerzitetskom-klinickom-centru-tuzla","status":"publish","type":"post","link":"https:\/\/www.ukctuzla.ba\/ukctuzla\/?p=19102&lang=bs","title":{"rendered":"General-major Mirsad Ahmi\u0107 u radnoj posjeti Univerzitetskom klini\u010dkom centru Tuzla"},"content":{"rendered":"<p>Univerzitetski klini\u010dki centar Tuzla danas je posjetio zamjenik na\u010delnika Zajedni\u010dkog \u0161taba Oru\u017eanih snaga Bosne i Hercegovine, general-major Mirsad Ahmi\u0107, gdje je odr\u017ean sastanak s direktorom UKC Tuzla, prof. dr. \u0160ekibom Umihani\u0107em.<img loading=\"lazy\" decoding=\"async\" class=\"size-medium wp-image-19104 alignright\" src=\"https:\/\/www.ukctuzla.ba\/ukctuzla\/wp-content\/uploads\/2025\/07\/P1011080-300x169.jpg\" alt=\"\" width=\"300\" height=\"169\" srcset=\"https:\/\/www.ukctuzla.ba\/ukctuzla\/wp-content\/uploads\/2025\/07\/P1011080-300x169.jpg 300w, https:\/\/www.ukctuzla.ba\/ukctuzla\/wp-content\/uploads\/2025\/07\/P1011080-1024x577.jpg 1024w, https:\/\/www.ukctuzla.ba\/ukctuzla\/wp-content\/uploads\/2025\/07\/P1011080-768x433.jpg 768w, https:\/\/www.ukctuzla.ba\/ukctuzla\/wp-content\/uploads\/2025\/07\/P1011080-1536x865.jpg 1536w, https:\/\/www.ukctuzla.ba\/ukctuzla\/wp-content\/uploads\/2025\/07\/P1011080-2048x1154.jpg 2048w, https:\/\/www.ukctuzla.ba\/ukctuzla\/wp-content\/uploads\/2025\/07\/P1011080-scaled.jpg 1600w\" sizes=\"auto, (max-width: 300px) 100vw, 300px\" \/><br \/>\nCilj radne posjete bio je sagledavanje mogu\u0107nosti uspostavljanja institucionalne saradnje izme\u0111u Oru\u017eanih snaga BiH i UKC Tuzla, s posebnim akcentom na stru\u010dno-specijalisti\u010dku edukaciju vojnih ljekara unutar ove zdravstvene ustanove.<br \/>\nTokom sastanka razgovarano je o potencijalima koje UKC Tuzla, kao jedna od vode\u0107ih zdravstvenih ustanova u Bosni i Hercegovini, mo\u017ee ponuditi u oblasti edukacije, stru\u010dne prakse i razmjene iskustava. Obje strane su izrazile spremnost za daljnje razgovore i uspostavljanje konkretnih oblika saradnje koji bi doprinijeli ja\u010danju medicinskih kapaciteta Oru\u017eanih snaga BiH.<br \/>\nDirektor UKC Tuzla, prof. dr. \u0160ekib Umihani\u0107, izrazio je zadovoljstvo interesom za saradnju i naglasio va\u017enost povezivanja vojno-zdravstvenih struktura s civilnim zdravstvenim institucijama u cilju zajedni\u010dkog unaprje\u0111enja zdravstvene za\u0161tite i medicinske edukacije.<img loading=\"lazy\" decoding=\"async\" class=\"size-medium wp-image-19105 alignright\" src=\"https:\/\/www.ukctuzla.ba\/ukctuzla\/wp-content\/uploads\/2025\/07\/P1011077-300x169.jpg\" alt=\"\" width=\"300\" height=\"169\" srcset=\"https:\/\/www.ukctuzla.ba\/ukctuzla\/wp-content\/uploads\/2025\/07\/P1011077-300x169.jpg 300w, https:\/\/www.ukctuzla.ba\/ukctuzla\/wp-content\/uploads\/2025\/07\/P1011077-1024x577.jpg 1024w, https:\/\/www.ukctuzla.ba\/ukctuzla\/wp-content\/uploads\/2025\/07\/P1011077-768x433.jpg 768w, https:\/\/www.ukctuzla.ba\/ukctuzla\/wp-content\/uploads\/2025\/07\/P1011077-1536x865.jpg 1536w, https:\/\/www.ukctuzla.ba\/ukctuzla\/wp-content\/uploads\/2025\/07\/P1011077-2048x1154.jpg 2048w, https:\/\/www.ukctuzla.ba\/ukctuzla\/wp-content\/uploads\/2025\/07\/P1011077-scaled.jpg 1600w\" sizes=\"auto, (max-width: 300px) 100vw, 300px\" \/><br \/>\nOva posjeta predstavlja va\u017ean korak ka ja\u010danju me\u0111uinstitucionalnih veza i razmjeni znanja i vje\u0161tina izme\u0111u sektora odbrane i zdravstva u Bosni i Hercegovini.<\/p>\n","protected":false},"excerpt":{"rendered":"<p>Univerzitetski klini\u010dki centar Tuzla danas je posjetio zamjenik na\u010delnika Zajedni\u010dkog \u0161taba Oru\u017eanih snaga Bosne i Hercegovine, general-major Mirsad Ahmi\u0107, gdje je odr\u017ean sastanak s direktorom UKC Tuzla, prof. dr. \u0160ekibom Umihani\u0107em. Cilj radne posjete bio je sagledavanje mogu\u0107nosti uspostavljanja institucionalne saradnje izme\u0111u Oru\u017eanih snaga BiH i UKC Tuzla, s posebnim akcentom na stru\u010dno-specijalisti\u010dku edukaciju vojnih&hellip;<\/p>\n","protected":false},"author":5,"featured_media":19103,"comment_status":"closed","ping_status":"open","sticky":false,"template":"","format":"standard","meta":{"footnotes":""},"categories":[11],"tags":[],"class_list":["post-19102","post","type-post","status-publish","format-standard","has-post-thumbnail","hentry","category-vijesti","category-11","description-off"],"_links":{"self":[{"href":"https:\/\/www.ukctuzla.ba\/ukctuzla\/index.php?rest_route=\/wp\/v2\/posts\/19102","targetHints":{"allow":["GET"]}}],"collection":[{"href":"https:\/\/www.ukctuzla.ba\/ukctuzla\/index.php?rest_route=\/wp\/v2\/posts"}],"about":[{"href":"https:\/\/www.ukctuzla.ba\/ukctuzla\/index.php?rest_route=\/wp\/v2\/types\/post"}],"author":[{"embeddable":true,"href":"https:\/\/www.ukctuzla.ba\/ukctuzla\/index.php?rest_route=\/wp\/v2\/users\/5"}],"replies":[{"embeddable":true,"href":"https:\/\/www.ukctuzla.ba\/ukctuzla\/index.php?rest_route=%2Fwp%2Fv2%2Fcomments&post=19102"}],"version-history":[{"count":1,"href":"https:\/\/www.ukctuzla.ba\/ukctuzla\/index.php?rest_route=\/wp\/v2\/posts\/19102\/revisions"}],"predecessor-version":[{"id":19106,"href":"https:\/\/www.ukctuzla.ba\/ukctuzla\/index.php?rest_route=\/wp\/v2\/posts\/19102\/revisions\/19106"}],"wp:featuredmedia":[{"embeddable":true,"href":"https:\/\/www.ukctuzla.ba\/ukctuzla\/index.php?rest_route=\/wp\/v2\/media\/19103"}],"wp:attachment":[{"href":"https:\/\/www.ukctuzla.ba\/ukctuzla\/index.php?rest_route=%2Fwp%2Fv2%2Fmedia&parent=19102"}],"wp:term":[{"taxonomy":"category","embeddable":true,"href":"https:\/\/www.ukctuzla.ba\/ukctuzla\/index.php?rest_route=%2Fwp%2Fv2%2Fcategories&post=19102"},{"taxonomy":"post_tag","embeddable":true,"href":"https:\/\/www.ukctuzla.ba\/ukctuzla\/index.php?rest_route=%2Fwp%2Fv2%2Ftags&post=19102"}],"curies":[{"name":"wp","href":"https:\/\/api.w.org\/{rel}","templated":true}]}}