{"id":19820,"date":"2025-10-25T16:58:38","date_gmt":"2025-10-25T15:58:38","guid":{"rendered":"https:\/\/www.ukctuzla.ba\/ukctuzla\/?p=19820"},"modified":"2025-10-25T17:15:32","modified_gmt":"2025-10-25T16:15:32","slug":"delegacija-ukc-tuzla-prisustvovala-je-obiljezavanju-32-godisnjice-pogibije-heroja-oslobodilackog-rata-nesiba-malkica","status":"publish","type":"post","link":"https:\/\/www.ukctuzla.ba\/ukctuzla\/?p=19820&lang=bs","title":{"rendered":"Delegacija UKC Tuzla prisustvovala obilje\u017eavanju 32. godi\u0161njice pogibije heroja oslobodila\u010dkog rata Nesiba Malki\u0107a"},"content":{"rendered":"<p>Delegacija UKC Tuzla prisustvovala je obilje\u017eavanju 32. godi\u0161njice <img loading=\"lazy\" decoding=\"async\" class=\" wp-image-19821 alignright\" src=\"https:\/\/www.ukctuzla.ba\/ukctuzla\/wp-content\/uploads\/2025\/10\/nesib-malkic-300x290.jpg\" alt=\"\" width=\"214\" height=\"207\" srcset=\"https:\/\/www.ukctuzla.ba\/ukctuzla\/wp-content\/uploads\/2025\/10\/nesib-malkic-300x290.jpg 300w, https:\/\/www.ukctuzla.ba\/ukctuzla\/wp-content\/uploads\/2025\/10\/nesib-malkic.jpg 518w\" sizes=\"auto, (max-width: 214px) 100vw, 214px\" \/>pogibije heroja oslobodila\u010dkog rata Nesiba Malki\u0107a i njegovih saboraca Seada Paravli\u0107a, Nevresa \u0160i\u0161i\u0107a, Nermina For\u010dakovi\u0107a i Fikreta Andeli\u0107a.<br \/>\nU sastavu delegacije bili su Asim D\u017eafi\u0107, na\u010delnik Sektora za tehni\u010dke poslove, te Edin Kurti\u0107 i Eldar \u0160ehi\u0107, predsjednik i sekretar Udru\u017eenja demobilisanih boraca Javnih zdravstvenih ustanova Tuzlanskog kantona.<br \/>\nU sklopu programa u petak, 24. oktobra 2025. godine, odata je po\u010dast i polo\u017eeno cvije\u0107e na centralno spomen obilje\u017eje u gradskom parku u \u017divinicama, nakon \u010dega je odr\u017eana Akademija u BKC \u017divinice. Program obilje\u017eavanja 32. godi\u0161njice pogibije heroja Nesiba Malki\u0107a i \u010dlanova komande 210. Vite\u0161ke brigade zavr\u0161en je u subotu, 25. oktobra 2025. godine obilaskom mjesta pogibije na Ni\u0161i\u0107koj visoravni.<img loading=\"lazy\" decoding=\"async\" class=\" wp-image-19822 alignright\" src=\"https:\/\/www.ukctuzla.ba\/ukctuzla\/wp-content\/uploads\/2025\/10\/viber_slika_2025-10-25_16-09-05-724-300x225.jpg\" alt=\"\" width=\"327\" height=\"245\" srcset=\"https:\/\/www.ukctuzla.ba\/ukctuzla\/wp-content\/uploads\/2025\/10\/viber_slika_2025-10-25_16-09-05-724-300x225.jpg 300w, https:\/\/www.ukctuzla.ba\/ukctuzla\/wp-content\/uploads\/2025\/10\/viber_slika_2025-10-25_16-09-05-724-1024x768.jpg 1024w, https:\/\/www.ukctuzla.ba\/ukctuzla\/wp-content\/uploads\/2025\/10\/viber_slika_2025-10-25_16-09-05-724-768x576.jpg 768w, https:\/\/www.ukctuzla.ba\/ukctuzla\/wp-content\/uploads\/2025\/10\/viber_slika_2025-10-25_16-09-05-724-1536x1152.jpg 1536w, https:\/\/www.ukctuzla.ba\/ukctuzla\/wp-content\/uploads\/2025\/10\/viber_slika_2025-10-25_16-09-05-724.jpg 1600w\" sizes=\"auto, (max-width: 327px) 100vw, 327px\" \/><br \/>\nNesib Malki\u0107 je nosilac ratnog priznanja Zlatni ljiljan od 1993. godine. Posthumno je odlikovan Ordenom heroja oslobodila\u010dkog rata 1994. godine.<br \/>\nObilje\u017eavanje ovakvih doga\u0111aja predstavlja kontinuitet dr\u017eave Bosne i Hercegovine. Njihova hrabrost i \u017ertva ostavili su neizbrisiv trag u na\u0161oj kolektivnoj svijesti i podsti\u010du nas da se borimo za pravednu i slobodnu domovinu. Ono \u0161to mi mo\u017eemo jeste da ne damo zaboravu imena na\u0161ih heroja i da u amanet ostavimo da svako dijete zna njihova imena, ako u tome uspijemo, mo\u017eemo re\u0107i da smo nadja\u010dali zaborav.<\/p>\n","protected":false},"excerpt":{"rendered":"<p>Delegacija UKC Tuzla prisustvovala je obilje\u017eavanju 32. godi\u0161njice pogibije heroja oslobodila\u010dkog rata Nesiba Malki\u0107a i njegovih saboraca Seada Paravli\u0107a, Nevresa \u0160i\u0161i\u0107a, Nermina For\u010dakovi\u0107a i Fikreta Andeli\u0107a. U sastavu delegacije bili su Asim D\u017eafi\u0107, na\u010delnik Sektora za tehni\u010dke poslove, te Edin Kurti\u0107 i Eldar \u0160ehi\u0107, predsjednik i sekretar Udru\u017eenja demobilisanih boraca Javnih zdravstvenih ustanova Tuzlanskog kantona.&hellip;<\/p>\n","protected":false},"author":5,"featured_media":19823,"comment_status":"closed","ping_status":"open","sticky":false,"template":"","format":"standard","meta":{"footnotes":""},"categories":[11],"tags":[],"class_list":["post-19820","post","type-post","status-publish","format-standard","has-post-thumbnail","hentry","category-vijesti","category-11","description-off"],"_links":{"self":[{"href":"https:\/\/www.ukctuzla.ba\/ukctuzla\/index.php?rest_route=\/wp\/v2\/posts\/19820","targetHints":{"allow":["GET"]}}],"collection":[{"href":"https:\/\/www.ukctuzla.ba\/ukctuzla\/index.php?rest_route=\/wp\/v2\/posts"}],"about":[{"href":"https:\/\/www.ukctuzla.ba\/ukctuzla\/index.php?rest_route=\/wp\/v2\/types\/post"}],"author":[{"embeddable":true,"href":"https:\/\/www.ukctuzla.ba\/ukctuzla\/index.php?rest_route=\/wp\/v2\/users\/5"}],"replies":[{"embeddable":true,"href":"https:\/\/www.ukctuzla.ba\/ukctuzla\/index.php?rest_route=%2Fwp%2Fv2%2Fcomments&post=19820"}],"version-history":[{"count":4,"href":"https:\/\/www.ukctuzla.ba\/ukctuzla\/index.php?rest_route=\/wp\/v2\/posts\/19820\/revisions"}],"predecessor-version":[{"id":19827,"href":"https:\/\/www.ukctuzla.ba\/ukctuzla\/index.php?rest_route=\/wp\/v2\/posts\/19820\/revisions\/19827"}],"wp:featuredmedia":[{"embeddable":true,"href":"https:\/\/www.ukctuzla.ba\/ukctuzla\/index.php?rest_route=\/wp\/v2\/media\/19823"}],"wp:attachment":[{"href":"https:\/\/www.ukctuzla.ba\/ukctuzla\/index.php?rest_route=%2Fwp%2Fv2%2Fmedia&parent=19820"}],"wp:term":[{"taxonomy":"category","embeddable":true,"href":"https:\/\/www.ukctuzla.ba\/ukctuzla\/index.php?rest_route=%2Fwp%2Fv2%2Fcategories&post=19820"},{"taxonomy":"post_tag","embeddable":true,"href":"https:\/\/www.ukctuzla.ba\/ukctuzla\/index.php?rest_route=%2Fwp%2Fv2%2Ftags&post=19820"}],"curies":[{"name":"wp","href":"https:\/\/api.w.org\/{rel}","templated":true}]}}