{"id":20105,"date":"2025-12-02T18:24:10","date_gmt":"2025-12-02T17:24:10","guid":{"rendered":"https:\/\/www.ukctuzla.ba\/ukctuzla\/?p=20105"},"modified":"2025-12-02T18:24:10","modified_gmt":"2025-12-02T17:24:10","slug":"delegacija-ministarstva-obrazovanja-turske-posjetila-ukc-tuzla-najavljena-saradnja-na-polju-medicinske-edukacije","status":"publish","type":"post","link":"https:\/\/www.ukctuzla.ba\/ukctuzla\/?p=20105&lang=bs","title":{"rendered":"Delegacija Ministarstva obrazovanja Turske posjetila UKC Tuzla: Najavljena saradnja na polju medicinske edukacije"},"content":{"rendered":"<p>U posjeti Univerzitetskom klini\u010dkom centru Tuzla boravio je zamjenik ministra<img loading=\"lazy\" decoding=\"async\" class=\"size-medium wp-image-20106 alignright\" src=\"https:\/\/www.ukctuzla.ba\/ukctuzla\/wp-content\/uploads\/2025\/12\/DSC_0832-300x176.jpg\" alt=\"\" width=\"300\" height=\"176\" srcset=\"https:\/\/www.ukctuzla.ba\/ukctuzla\/wp-content\/uploads\/2025\/12\/DSC_0832-300x176.jpg 300w, https:\/\/www.ukctuzla.ba\/ukctuzla\/wp-content\/uploads\/2025\/12\/DSC_0832-1024x600.jpg 1024w, https:\/\/www.ukctuzla.ba\/ukctuzla\/wp-content\/uploads\/2025\/12\/DSC_0832-768x450.jpg 768w, https:\/\/www.ukctuzla.ba\/ukctuzla\/wp-content\/uploads\/2025\/12\/DSC_0832-1536x900.jpg 1536w, https:\/\/www.ukctuzla.ba\/ukctuzla\/wp-content\/uploads\/2025\/12\/DSC_0832-2048x1200.jpg 2048w, https:\/\/www.ukctuzla.ba\/ukctuzla\/wp-content\/uploads\/2025\/12\/DSC_0832-scaled.jpg 1920w\" sizes=\"auto, (max-width: 300px) 100vw, 300px\" \/> obrazovanja Republike Turske, \u00d6mer Faruk Yelkenci u pratnji svojih saradnika, \u0161efa kabineta Alia R\u0131za Aksoya, savjetnika za obrazovanje pri turskoj ambasadi u Sarajevu Birola \u00c7etina, direktora Instituta Yunus Emre u BiH Mehmeta Akif Yamana, sekretara \u00dcmita Ulvi T\u00fcrka, i uposlenice Ureda za obrazovanje u Turskoj ambasadi u Sarajevu Zerine D\u017eanbegovi\u0107-Lisica. Goste su primili direktor Univerzitetskog klini\u010dkog centra Tuzla prof. dr. med. sc. \u0160ekib Umihani\u0107, predsjednik Upravnog odbora Emir Softi\u0107, ministar obrazovanja i nauke TK dr. sc. Ahmed Omerovi\u0107, dekan Medicinskog fakulteta u Tuzli prof. dr. med. sc. Farid Ljuca, pomo\u0107nik direktora za medicinske poslove prof. dr. med. sc. Igor Hudi\u0107, pomo\u0107nik direktora za ekonomsko finansijske poslove Emir Kikanovi\u0107, pomo\u0107nik direktora za nastavu i nau\u010dno-istra\u017eiva\u010dki rad prof. dr. med. sc. Ervin Alibegovi\u0107, i pomo\u0107nik direktora za sestrinstvo mr. sestrinstva \u0160efik Husi\u0107.<img loading=\"lazy\" decoding=\"async\" class=\"size-medium wp-image-20107 alignright\" src=\"https:\/\/www.ukctuzla.ba\/ukctuzla\/wp-content\/uploads\/2025\/12\/DSC_0856-300x199.jpg\" alt=\"\" width=\"300\" height=\"199\" srcset=\"https:\/\/www.ukctuzla.ba\/ukctuzla\/wp-content\/uploads\/2025\/12\/DSC_0856-300x199.jpg 300w, https:\/\/www.ukctuzla.ba\/ukctuzla\/wp-content\/uploads\/2025\/12\/DSC_0856-1024x681.jpg 1024w, https:\/\/www.ukctuzla.ba\/ukctuzla\/wp-content\/uploads\/2025\/12\/DSC_0856-768x511.jpg 768w, https:\/\/www.ukctuzla.ba\/ukctuzla\/wp-content\/uploads\/2025\/12\/DSC_0856-1536x1021.jpg 1536w, https:\/\/www.ukctuzla.ba\/ukctuzla\/wp-content\/uploads\/2025\/12\/DSC_0856-2048x1362.jpg 2048w, https:\/\/www.ukctuzla.ba\/ukctuzla\/wp-content\/uploads\/2025\/12\/DSC_0856-scaled.jpg 1920w\" sizes=\"auto, (max-width: 300px) 100vw, 300px\" \/><br \/>\nPrema rije\u010dima \u00d6mera Faruk Yelkencija, \u017eelja delegacije Turske je da usvojene reforme obrazovnog sistema u Republici Turskoj podijele sa kolegama i prijateljima u Tuzlanskom kantonu. \u201eTursko stolje\u0107e Maarif model\u201c je jedna vrsta reforme, obrazovnog programa koji smo mi 2024\/25. \u0161kolske godine po\u010deli da primjenjujemo u \u0161kolama u Turskoj. To je jedna paradigma, promjena u smislu pristupa obrazovanju i edukaciji u skladu sa sada\u0161njim potrebama, ali i svim promjenama koje se de\u0161avaju u svijetu gdje se trudimo da zaista uve\u017eemo i prirodne i dru\u0161tvene nauke na jedan i horizontalni i vertikalni pristup kako bi se me\u0111usobno nadopunjavale, a ne isklju\u010divale. Nadamo se da \u0107e nam upravo ovakav pristup omogu\u0107iti da nove generacije koje odgajamo i edukujemo ne budu samo pasivni korisnici svega \u0161to se pru\u017ea nego da budu ti koji \u0107e aktivno u\u010destvovati u obrazovanju i oblikovanju budu\u0107nosti i svega \u0161to se ti\u010de dalje edukacije\u201c, kazao je zamjenik ministra Yelkenci.<img loading=\"lazy\" decoding=\"async\" class=\"size-medium wp-image-20108 alignright\" src=\"https:\/\/www.ukctuzla.ba\/ukctuzla\/wp-content\/uploads\/2025\/12\/DSC_0828-300x177.jpg\" alt=\"\" width=\"300\" height=\"177\" srcset=\"https:\/\/www.ukctuzla.ba\/ukctuzla\/wp-content\/uploads\/2025\/12\/DSC_0828-300x177.jpg 300w, https:\/\/www.ukctuzla.ba\/ukctuzla\/wp-content\/uploads\/2025\/12\/DSC_0828-1024x604.jpg 1024w, https:\/\/www.ukctuzla.ba\/ukctuzla\/wp-content\/uploads\/2025\/12\/DSC_0828-768x453.jpg 768w, https:\/\/www.ukctuzla.ba\/ukctuzla\/wp-content\/uploads\/2025\/12\/DSC_0828-1536x906.jpg 1536w, https:\/\/www.ukctuzla.ba\/ukctuzla\/wp-content\/uploads\/2025\/12\/DSC_0828-2048x1207.jpg 2048w, https:\/\/www.ukctuzla.ba\/ukctuzla\/wp-content\/uploads\/2025\/12\/DSC_0828-scaled.jpg 1920w\" sizes=\"auto, (max-width: 300px) 100vw, 300px\" \/><br \/>\nIzraziv\u0161i zadovoljstvo zbog iskazanoga zanimanja za UKC Tuzla, direktor, prof. dr. med. sc. \u0160ekib Umihani\u0107, goste je upoznao sa organizacionom strukturom, mogu\u0107nostima i najzna\u010dajnijim projektima koji se provode u Univerzitetskom klini\u010dkom centru Tuzla.<br \/>\n\u201eNakon te\u0161kog perioda pandemije Covid-19, unazad dvije godine, uz pomo\u0107 Vlade Tuzlanskog kantona, zna\u010dajna sredstva smo ulo\u017eili u zanavljanje i unapre\u0111enje medicinske opreme neophodne za podizanje zdravstvene njege na vi\u0161i nivo. Na\u0161a te\u017enja je da pored medicinske opreme velika ulaganja usmjerimo i na edukaciju medicinskog osoblja. Predlo\u017eio sam gostima da uspostavimo dvosmjernu saradnju na polju edukacije mladih doktora, specijalizanata i subspecijalizanata u Republici Turskoj\u201c, istakao je direktor Umihani\u0107.<\/p>\n","protected":false},"excerpt":{"rendered":"<p>U posjeti Univerzitetskom klini\u010dkom centru Tuzla boravio je zamjenik ministra obrazovanja Republike Turske, \u00d6mer Faruk Yelkenci u pratnji svojih saradnika, \u0161efa kabineta Alia R\u0131za Aksoya, savjetnika za obrazovanje pri turskoj ambasadi u Sarajevu Birola \u00c7etina, direktora Instituta Yunus Emre u BiH Mehmeta Akif Yamana, sekretara \u00dcmita Ulvi T\u00fcrka, i uposlenice Ureda za obrazovanje u Turskoj&hellip;<\/p>\n","protected":false},"author":5,"featured_media":20109,"comment_status":"closed","ping_status":"open","sticky":false,"template":"","format":"standard","meta":{"footnotes":""},"categories":[11],"tags":[],"class_list":["post-20105","post","type-post","status-publish","format-standard","has-post-thumbnail","hentry","category-vijesti","category-11","description-off"],"_links":{"self":[{"href":"https:\/\/www.ukctuzla.ba\/ukctuzla\/index.php?rest_route=\/wp\/v2\/posts\/20105","targetHints":{"allow":["GET"]}}],"collection":[{"href":"https:\/\/www.ukctuzla.ba\/ukctuzla\/index.php?rest_route=\/wp\/v2\/posts"}],"about":[{"href":"https:\/\/www.ukctuzla.ba\/ukctuzla\/index.php?rest_route=\/wp\/v2\/types\/post"}],"author":[{"embeddable":true,"href":"https:\/\/www.ukctuzla.ba\/ukctuzla\/index.php?rest_route=\/wp\/v2\/users\/5"}],"replies":[{"embeddable":true,"href":"https:\/\/www.ukctuzla.ba\/ukctuzla\/index.php?rest_route=%2Fwp%2Fv2%2Fcomments&post=20105"}],"version-history":[{"count":1,"href":"https:\/\/www.ukctuzla.ba\/ukctuzla\/index.php?rest_route=\/wp\/v2\/posts\/20105\/revisions"}],"predecessor-version":[{"id":20110,"href":"https:\/\/www.ukctuzla.ba\/ukctuzla\/index.php?rest_route=\/wp\/v2\/posts\/20105\/revisions\/20110"}],"wp:featuredmedia":[{"embeddable":true,"href":"https:\/\/www.ukctuzla.ba\/ukctuzla\/index.php?rest_route=\/wp\/v2\/media\/20109"}],"wp:attachment":[{"href":"https:\/\/www.ukctuzla.ba\/ukctuzla\/index.php?rest_route=%2Fwp%2Fv2%2Fmedia&parent=20105"}],"wp:term":[{"taxonomy":"category","embeddable":true,"href":"https:\/\/www.ukctuzla.ba\/ukctuzla\/index.php?rest_route=%2Fwp%2Fv2%2Fcategories&post=20105"},{"taxonomy":"post_tag","embeddable":true,"href":"https:\/\/www.ukctuzla.ba\/ukctuzla\/index.php?rest_route=%2Fwp%2Fv2%2Ftags&post=20105"}],"curies":[{"name":"wp","href":"https:\/\/api.w.org\/{rel}","templated":true}]}}