{"id":20935,"date":"2026-03-11T14:27:02","date_gmt":"2026-03-11T13:27:02","guid":{"rendered":"https:\/\/www.ukctuzla.ba\/ukctuzla\/?p=20935"},"modified":"2026-03-11T14:46:02","modified_gmt":"2026-03-11T13:46:02","slug":"edukacija-za-zdravstvene-profesionalce-iz-fbih-fokus-na-komunikaciji-timskom-radu-u-zdravstvu-i-menadzerskim-vjestinama","status":"publish","type":"post","link":"https:\/\/www.ukctuzla.ba\/ukctuzla\/?p=20935&lang=bs","title":{"rendered":"Edukacija za zdravstvene profesionalce iz FBiH: Fokus na komunikaciji, timskom radu u zdravstvu i menad\u017eerskim vje\u0161tinama"},"content":{"rendered":"<p><img loading=\"lazy\" decoding=\"async\" class=\"size-medium wp-image-20938 alignleft\" src=\"https:\/\/www.ukctuzla.ba\/ukctuzla\/wp-content\/uploads\/2026\/03\/ad9aef29-e8fc-438f-9605-c65ae764035f-300x166.jpg\" alt=\"\" width=\"300\" height=\"166\" srcset=\"https:\/\/www.ukctuzla.ba\/ukctuzla\/wp-content\/uploads\/2026\/03\/ad9aef29-e8fc-438f-9605-c65ae764035f-300x166.jpg 300w, https:\/\/www.ukctuzla.ba\/ukctuzla\/wp-content\/uploads\/2026\/03\/ad9aef29-e8fc-438f-9605-c65ae764035f-1024x565.jpg 1024w, https:\/\/www.ukctuzla.ba\/ukctuzla\/wp-content\/uploads\/2026\/03\/ad9aef29-e8fc-438f-9605-c65ae764035f-768x424.jpg 768w, https:\/\/www.ukctuzla.ba\/ukctuzla\/wp-content\/uploads\/2026\/03\/ad9aef29-e8fc-438f-9605-c65ae764035f-1536x848.jpg 1536w, https:\/\/www.ukctuzla.ba\/ukctuzla\/wp-content\/uploads\/2026\/03\/ad9aef29-e8fc-438f-9605-c65ae764035f.jpg 1600w\" sizes=\"auto, (max-width: 300px) 100vw, 300px\" \/>Predstavnici Univerzitetskog klini\u010dkog centra Tuzla u\u010destvovali su na \u010detverodnevnoj edukaciji u organizaciji Federalnog ministarstva zdravstva i Fondacije Fami, posve\u0107enoj razvoju menad\u017eerskih i komunikacijskih vje\u0161tina, koja je okupila glavne medicinske sestre i tehni\u010dare iz razli\u010ditih zdravstvenih ustanova u Federaciji Bosne i Hercegovine.<\/p>\n<p>Kroz predavanja i prakti\u010dne vje\u017ebe u\u010desnici iz klini\u010dkih centara i bolnica, zdravstvenih ustanova, Oru\u017eanih snaga Bosne i Hercegovine, privatnih bolnica,te domova za stare osobe radili su na unaprje\u0111enju vje\u0161tina koje su od velikog zna\u010daja u svakodnevnom radu i vo\u0111enju timova u zdravstvenim ustanovama.<\/p>\n<p>Tokom edukativnog programa poseban akcenat stavljen je na va\u017enost kvalitetne komunikacije unutar zdravstvenog sistema, razvoj timskog rada, unaprje\u0111enje prezentacijskih vje\u0161tina, kao i na ja\u010danje interne komunikacije. Tako\u0111er je razgovarano o na\u010dinima izgradnje i unaprje\u0111enja pozitivne percepcije zdravstvenih ustanova u javnosti.<\/p>\n<p><img loading=\"lazy\" decoding=\"async\" class=\"size-medium wp-image-20937 alignleft\" src=\"https:\/\/www.ukctuzla.ba\/ukctuzla\/wp-content\/uploads\/2026\/03\/d088e9a0-0c45-4c79-b58a-166dbcbf9e29-300x165.jpg\" alt=\"\" width=\"300\" height=\"165\" srcset=\"https:\/\/www.ukctuzla.ba\/ukctuzla\/wp-content\/uploads\/2026\/03\/d088e9a0-0c45-4c79-b58a-166dbcbf9e29-300x165.jpg 300w, https:\/\/www.ukctuzla.ba\/ukctuzla\/wp-content\/uploads\/2026\/03\/d088e9a0-0c45-4c79-b58a-166dbcbf9e29-1024x564.jpg 1024w, https:\/\/www.ukctuzla.ba\/ukctuzla\/wp-content\/uploads\/2026\/03\/d088e9a0-0c45-4c79-b58a-166dbcbf9e29-768x423.jpg 768w, https:\/\/www.ukctuzla.ba\/ukctuzla\/wp-content\/uploads\/2026\/03\/d088e9a0-0c45-4c79-b58a-166dbcbf9e29-1536x846.jpg 1536w, https:\/\/www.ukctuzla.ba\/ukctuzla\/wp-content\/uploads\/2026\/03\/d088e9a0-0c45-4c79-b58a-166dbcbf9e29.jpg 1600w\" sizes=\"auto, (max-width: 300px) 100vw, 300px\" \/>&#8220;Ovakve edukacije su izuzetno zna\u010dajne jer nam pru\u017eaju priliku da dodatno razvijamo menad\u017eerske i komunikacijske vje\u0161tine koje su neophodne u svakodnevnom radu sa pacijentima i kolegama. Razmjena iskustava sa kolegama iz razli\u010ditih zdravstvenih ustanova doprinosi unaprje\u0111enju na\u0161eg rada, ja\u010danju profesionalnih standarda u zdravstvenom sistemu, kao i me\u0111usobnom umre\u017eavanju zdravstvenih profesionalaca\u201c, rekao je Amer Turki\u0107, dipl. med. teh., u\u010desnik edukacije ispred Univerzitetskog klini\u010dkog centra Tuzla.<\/p>\n","protected":false},"excerpt":{"rendered":"<p>Predstavnici Univerzitetskog klini\u010dkog centra Tuzla u\u010destvovali su na \u010detverodnevnoj edukaciji u organizaciji Federalnog ministarstva zdravstva i Fondacije Fami, posve\u0107enoj razvoju menad\u017eerskih i komunikacijskih vje\u0161tina, koja je okupila glavne medicinske sestre i tehni\u010dare iz razli\u010ditih zdravstvenih ustanova u Federaciji Bosne i Hercegovine. Kroz predavanja i prakti\u010dne vje\u017ebe u\u010desnici iz klini\u010dkih centara i bolnica, zdravstvenih ustanova, Oru\u017eanih&hellip;<\/p>\n","protected":false},"author":5,"featured_media":20936,"comment_status":"closed","ping_status":"open","sticky":false,"template":"","format":"standard","meta":{"footnotes":""},"categories":[11],"tags":[],"class_list":["post-20935","post","type-post","status-publish","format-standard","has-post-thumbnail","hentry","category-vijesti","category-11","description-off"],"_links":{"self":[{"href":"https:\/\/www.ukctuzla.ba\/ukctuzla\/index.php?rest_route=\/wp\/v2\/posts\/20935","targetHints":{"allow":["GET"]}}],"collection":[{"href":"https:\/\/www.ukctuzla.ba\/ukctuzla\/index.php?rest_route=\/wp\/v2\/posts"}],"about":[{"href":"https:\/\/www.ukctuzla.ba\/ukctuzla\/index.php?rest_route=\/wp\/v2\/types\/post"}],"author":[{"embeddable":true,"href":"https:\/\/www.ukctuzla.ba\/ukctuzla\/index.php?rest_route=\/wp\/v2\/users\/5"}],"replies":[{"embeddable":true,"href":"https:\/\/www.ukctuzla.ba\/ukctuzla\/index.php?rest_route=%2Fwp%2Fv2%2Fcomments&post=20935"}],"version-history":[{"count":2,"href":"https:\/\/www.ukctuzla.ba\/ukctuzla\/index.php?rest_route=\/wp\/v2\/posts\/20935\/revisions"}],"predecessor-version":[{"id":20942,"href":"https:\/\/www.ukctuzla.ba\/ukctuzla\/index.php?rest_route=\/wp\/v2\/posts\/20935\/revisions\/20942"}],"wp:featuredmedia":[{"embeddable":true,"href":"https:\/\/www.ukctuzla.ba\/ukctuzla\/index.php?rest_route=\/wp\/v2\/media\/20936"}],"wp:attachment":[{"href":"https:\/\/www.ukctuzla.ba\/ukctuzla\/index.php?rest_route=%2Fwp%2Fv2%2Fmedia&parent=20935"}],"wp:term":[{"taxonomy":"category","embeddable":true,"href":"https:\/\/www.ukctuzla.ba\/ukctuzla\/index.php?rest_route=%2Fwp%2Fv2%2Fcategories&post=20935"},{"taxonomy":"post_tag","embeddable":true,"href":"https:\/\/www.ukctuzla.ba\/ukctuzla\/index.php?rest_route=%2Fwp%2Fv2%2Ftags&post=20935"}],"curies":[{"name":"wp","href":"https:\/\/api.w.org\/{rel}","templated":true}]}}