{"id":20962,"date":"2026-03-13T16:08:39","date_gmt":"2026-03-13T15:08:39","guid":{"rendered":"https:\/\/www.ukctuzla.ba\/ukctuzla\/?p=20962"},"modified":"2026-03-14T16:40:50","modified_gmt":"2026-03-14T15:40:50","slug":"ministri-zdravstva-i-obrazovanja-tk-u-radnoj-posjeti-ukc-tuzla","status":"publish","type":"post","link":"https:\/\/www.ukctuzla.ba\/ukctuzla\/?p=20962&lang=bs","title":{"rendered":"Ministri zdravstva i obrazovanja TK u radnoj posjeti UKC Tuzla"},"content":{"rendered":"<p>U radnoj posjeti UKC Tuzla, povodom prezentacije projekata nau\u010dno-stru\u010dnih radova, boravili su ministrica zdravstva TK dr. Du\u0161anka Be\u0107irovi\u0107 i ministar obrazovanja i nauke TK dr. sc. Ahmed Omerovi\u0107.<img loading=\"lazy\" decoding=\"async\" class=\" wp-image-20964 alignright\" src=\"https:\/\/www.ukctuzla.ba\/ukctuzla\/wp-content\/uploads\/2026\/03\/viber_slika_2026-03-14_06-48-36-682-300x169.jpg\" alt=\"\" width=\"348\" height=\"196\" srcset=\"https:\/\/www.ukctuzla.ba\/ukctuzla\/wp-content\/uploads\/2026\/03\/viber_slika_2026-03-14_06-48-36-682-300x169.jpg 300w, https:\/\/www.ukctuzla.ba\/ukctuzla\/wp-content\/uploads\/2026\/03\/viber_slika_2026-03-14_06-48-36-682-1024x576.jpg 1024w, https:\/\/www.ukctuzla.ba\/ukctuzla\/wp-content\/uploads\/2026\/03\/viber_slika_2026-03-14_06-48-36-682-768x432.jpg 768w, https:\/\/www.ukctuzla.ba\/ukctuzla\/wp-content\/uploads\/2026\/03\/viber_slika_2026-03-14_06-48-36-682-1536x864.jpg 1536w, https:\/\/www.ukctuzla.ba\/ukctuzla\/wp-content\/uploads\/2026\/03\/viber_slika_2026-03-14_06-48-36-682.jpg 1600w\" sizes=\"auto, (max-width: 348px) 100vw, 348px\" \/><\/p>\n<p>Direktor Univerzitetskog klini\u010dkog centra Tuzla, prof. dr. \u0160ekib Umihani\u0107, predstavio je dosada\u0161nje realizovane projekte institucionalnog obilje\u017eavanja genocida nad Bo\u0161njacima u za\u0161ti\u0107enoj UN zoni Srebrenica u organizaciji UKC Tuzla, kao i plan za 2026. godinu sa temom \u201eOrganizacija rada UKC Tuzla u periodu 1992\u20131995.\u201c<\/p>\n<p>Prema rije\u010dima direktora UKC Tuzla prof. dr. \u0160ekiba Umihani\u0107a, svaki put kada se stradanja nisu obilje\u017eavala institucionalno i kontinuirano javljala se opasnost da se takvi tragi\u010dni doga\u0111aji ponove.<img loading=\"lazy\" decoding=\"async\" class=\" wp-image-20967 alignright\" src=\"https:\/\/www.ukctuzla.ba\/ukctuzla\/wp-content\/uploads\/2026\/03\/viber_slika_2026-03-14_06-51-08-117-300x169.jpg\" alt=\"\" width=\"344\" height=\"194\" srcset=\"https:\/\/www.ukctuzla.ba\/ukctuzla\/wp-content\/uploads\/2026\/03\/viber_slika_2026-03-14_06-51-08-117-300x169.jpg 300w, https:\/\/www.ukctuzla.ba\/ukctuzla\/wp-content\/uploads\/2026\/03\/viber_slika_2026-03-14_06-51-08-117-1024x576.jpg 1024w, https:\/\/www.ukctuzla.ba\/ukctuzla\/wp-content\/uploads\/2026\/03\/viber_slika_2026-03-14_06-51-08-117-768x432.jpg 768w, https:\/\/www.ukctuzla.ba\/ukctuzla\/wp-content\/uploads\/2026\/03\/viber_slika_2026-03-14_06-51-08-117-1536x864.jpg 1536w, https:\/\/www.ukctuzla.ba\/ukctuzla\/wp-content\/uploads\/2026\/03\/viber_slika_2026-03-14_06-51-08-117.jpg 1600w\" sizes=\"auto, (max-width: 344px) 100vw, 344px\" \/><\/p>\n<p>\u201eLjekari i medicinske sestre, koji su pre\u017eivjeli tragediju Srebrenice, rade\u0107i najzahtjevnije hirur\u0161ke zahvate bez anestezije, tada su odlu\u010dili da ne\u0107e napustiti ratnu bolnicu dok posljednjeg ranjenika ne zbrinu, ne \u017eale\u0107i pri tome ni svoje \u017eivote. Ti nadljudski napori medicinskog osoblja u Srebrenici dokaz su da ne postoje granice nemogu\u0107eg. Svi ovi navedeni doga\u0111aji daju nam u obavezu da pamtimo i svakodnevno ukazujemo na te nemile doga\u0111aje. Kao organizatori za cilj imamo da iz perspektive medicinske struke osvijetlimo istinu o genocidu nad Bo\u0161njacima u Srebrenici\u201c, istakao je prof. dr. Umihani\u0107.<\/p>\n<p>Direktor Umihani\u0107 naglasio je da se u 2026 godini planira obraditi tema \u201eOrganizacija rada UKC Tuzla u periodu 1992\u20131995.\u201c, kako bi i mla\u0111e kolege ljekari imali jasniju percepciju o izazovima i iskustvuna s kojima se osoblje u UKC Tuzla suo\u010davalo u radu tokom agresije.<img loading=\"lazy\" decoding=\"async\" class=\" wp-image-20965 alignright\" src=\"https:\/\/www.ukctuzla.ba\/ukctuzla\/wp-content\/uploads\/2026\/03\/viber_slika_2026-03-14_06-48-50-186-300x169.jpg\" alt=\"\" width=\"343\" height=\"193\" srcset=\"https:\/\/www.ukctuzla.ba\/ukctuzla\/wp-content\/uploads\/2026\/03\/viber_slika_2026-03-14_06-48-50-186-300x169.jpg 300w, https:\/\/www.ukctuzla.ba\/ukctuzla\/wp-content\/uploads\/2026\/03\/viber_slika_2026-03-14_06-48-50-186-1024x576.jpg 1024w, https:\/\/www.ukctuzla.ba\/ukctuzla\/wp-content\/uploads\/2026\/03\/viber_slika_2026-03-14_06-48-50-186-768x432.jpg 768w, https:\/\/www.ukctuzla.ba\/ukctuzla\/wp-content\/uploads\/2026\/03\/viber_slika_2026-03-14_06-48-50-186-1536x864.jpg 1536w, https:\/\/www.ukctuzla.ba\/ukctuzla\/wp-content\/uploads\/2026\/03\/viber_slika_2026-03-14_06-48-50-186.jpg 1600w\" sizes=\"auto, (max-width: 343px) 100vw, 343px\" \/><\/p>\n<p>Sastanku su prisustvovali i na\u010delnici organizacionih jedinica UKC koji su predstavili planirane aktivnosti i stru\u010dne simpozije za 2026. godinu: prof. dr. med. sc. Zikrija Dostovi\u0107, na\u010delnik Klinike za neurologiju, prof. dr. med. sc. \u0160efika Umihani\u0107, na\u010delnica Klinike za onkologiju i radioterapiju, prof. dr. med. sc. Jasmina Smaji\u0107, na\u010delnica Klinike za anesteziologiju i reanimatologiju, prof. dr. med. sc. Fuad Brki\u0107, \u0161ef Odjeljenja za audiologiju Klinike za bolesti uha, grla i nosa i hirurgiju glave i vrata, i mr. med. sc. D\u017eenan Halilovi\u0107, \u0161ef Odjeljenja za pulmoalergologiju Klinike za plu\u0107ne bolesti.<\/p>\n<p>Resorni ministri Vlade Tuzlanskog kantona pohvalili su dosada\u0161nje aktivnosti i planove za 2026. godinu te izrazili spremnost za institucionalnu podr\u0161ku u daljim aktivnostima.<\/p>\n","protected":false},"excerpt":{"rendered":"<p>U radnoj posjeti UKC Tuzla, povodom prezentacije projekata nau\u010dno-stru\u010dnih radova, boravili su ministrica zdravstva TK dr. Du\u0161anka Be\u0107irovi\u0107 i ministar obrazovanja i nauke TK dr. sc. Ahmed Omerovi\u0107. Direktor Univerzitetskog klini\u010dkog centra Tuzla, prof. dr. \u0160ekib Umihani\u0107, predstavio je dosada\u0161nje realizovane projekte institucionalnog obilje\u017eavanja genocida nad Bo\u0161njacima u za\u0161ti\u0107enoj UN zoni Srebrenica u organizaciji UKC&hellip;<\/p>\n","protected":false},"author":5,"featured_media":20963,"comment_status":"closed","ping_status":"open","sticky":false,"template":"","format":"standard","meta":{"footnotes":""},"categories":[11],"tags":[],"class_list":["post-20962","post","type-post","status-publish","format-standard","has-post-thumbnail","hentry","category-vijesti","category-11","description-off"],"_links":{"self":[{"href":"https:\/\/www.ukctuzla.ba\/ukctuzla\/index.php?rest_route=\/wp\/v2\/posts\/20962","targetHints":{"allow":["GET"]}}],"collection":[{"href":"https:\/\/www.ukctuzla.ba\/ukctuzla\/index.php?rest_route=\/wp\/v2\/posts"}],"about":[{"href":"https:\/\/www.ukctuzla.ba\/ukctuzla\/index.php?rest_route=\/wp\/v2\/types\/post"}],"author":[{"embeddable":true,"href":"https:\/\/www.ukctuzla.ba\/ukctuzla\/index.php?rest_route=\/wp\/v2\/users\/5"}],"replies":[{"embeddable":true,"href":"https:\/\/www.ukctuzla.ba\/ukctuzla\/index.php?rest_route=%2Fwp%2Fv2%2Fcomments&post=20962"}],"version-history":[{"count":1,"href":"https:\/\/www.ukctuzla.ba\/ukctuzla\/index.php?rest_route=\/wp\/v2\/posts\/20962\/revisions"}],"predecessor-version":[{"id":20968,"href":"https:\/\/www.ukctuzla.ba\/ukctuzla\/index.php?rest_route=\/wp\/v2\/posts\/20962\/revisions\/20968"}],"wp:featuredmedia":[{"embeddable":true,"href":"https:\/\/www.ukctuzla.ba\/ukctuzla\/index.php?rest_route=\/wp\/v2\/media\/20963"}],"wp:attachment":[{"href":"https:\/\/www.ukctuzla.ba\/ukctuzla\/index.php?rest_route=%2Fwp%2Fv2%2Fmedia&parent=20962"}],"wp:term":[{"taxonomy":"category","embeddable":true,"href":"https:\/\/www.ukctuzla.ba\/ukctuzla\/index.php?rest_route=%2Fwp%2Fv2%2Fcategories&post=20962"},{"taxonomy":"post_tag","embeddable":true,"href":"https:\/\/www.ukctuzla.ba\/ukctuzla\/index.php?rest_route=%2Fwp%2Fv2%2Ftags&post=20962"}],"curies":[{"name":"wp","href":"https:\/\/api.w.org\/{rel}","templated":true}]}}