{"id":2649,"date":"2016-06-01T12:25:41","date_gmt":"2016-06-01T11:25:41","guid":{"rendered":"http:\/\/www.ukctuzla.ba\/ukctuzla\/?p=2649"},"modified":"2016-06-01T13:46:26","modified_gmt":"2016-06-01T12:46:26","slug":"pozdravljena-zelja-federalnih-institucija-da-se-na-sistemski-nacin-rijese-problemi-u-zdravstvu","status":"publish","type":"post","link":"https:\/\/www.ukctuzla.ba\/ukctuzla\/?p=2649&lang=bs","title":{"rendered":"Pozdravljena \u017eelja federalnih institucija da se na sistemski na\u010din rije\u0161e problemi u zdravstvu"},"content":{"rendered":"<p style=\"text-align: justify;\">Premijer Tuzlanskog kantona Bego Guti\u0107 posjetio je danas Univerzitetski klini\u010dki centar u Tuzli. U razgovoru sa predsjednicom Upravnog odbora Muneverom Be\u0107arevi\u0107 i direktorom Centra Ne\u0161adom Hoti\u0107em razgovarano je o stanju na Klini\u010dkom centru, trenutnim i planiranim projektima.<\/p>\n<p style=\"text-align: justify;\">Posebna pa\u017enja na dana\u0161njem sastanku posve\u0107ena je i nedavnoj posjeti \u010dlanova Kolegija Doma naroda Parlamenta Federacije BiH ovoj zdravstvenoj ustanovi.<br \/>\nPremijer Guti\u0107 danas je izrazilo zadovoljstvo zbog iskazane \u017eelje predstavnika federalnih institucija vlasti da se uklju\u010de i poku\u0161aju na sistemati\u010dan na\u010din rije\u0161iti probleme s kojima se susre\u0107u klini\u010dki centri u Federaciji BiH. Na ovu temu je najavljeno i odr\u017eavanje tematske sjednice Parlamenta FBiH, a postoji i mogu\u0107nost dono\u0161enja plana sanacije zdravstvenog sektora u cijeloj FBiH, u \u010demu \u0107e u\u010de\u0161\u0107e uzeti i Vlada FBIH.<\/p>\n<p style=\"text-align: justify;\">\u201eTakvom opredjeljenju Vlada Tuzlanskog kantona dat \u0107e svoju svesrdnu pomo\u0107 i podr\u0161ku, ali o\u010dekujemo da u tom sistemskom rje\u0161enju svi Klini\u010dki centri imaju jednak tretman. O\u010dekujemo da svi klini\u010dki centri Sarajevo, Mostar i Tuzla, imaju iste uslove, a da ni u kojem slu\u010daju ne budu o\u0161te\u0107eni oni centri koji su svoje obaveze po osnovu doprinosa za zdravstveno i penziono osiguranje redovno izmirivali\u201c, akcentirao je premijer Guti\u0107.<br \/>\nPremijer Kantona je trenutno stanje na Univerzitetskom klini\u010dkom centru ocijenio zadovoljavaju\u0107im, te je izrazio podr\u0161ku radu i aktivnostima Uprave i Upravnog odbora Univerzitetskog klini\u010dkog centra.<\/p>\n<p style=\"text-align: justify;\">Govore\u0107i o planovima za naredni period premijer Guti\u0107 je izrazio o\u010dekivanje da UKC Tuzla ove godine realizira i projekte kapitalnih investicija i nabavke nove, moderne opreme za \u0161to je Vlada ve\u0107 osigurala odre\u0111ena sredstva.<\/p>\n<p style=\"text-align: justify;\">\u201eO\u010dekujemo da se izme\u0111u ostalih projekata, i \u201eutopljavanje\u201c klini\u010dkog centra, vrijednosti oko 1,5 miliona KM, okon\u010da do kraja godine, kako bi, s jedne strane, pacijenti ove renomirane medicinske ustanove imali \u0161to kvalitetnije uslove boravka, a s druge strane, realizacija projekta \u0107e umnogome uticati na smanjenje re\u017eijskih tro\u0161kova Klini\u010dkog centra\u201c rekao je premijer Guti\u0107.<\/p>\n<p>&nbsp;<\/p>\n<p>&nbsp;<\/p>\n<p>Izvor: Odjeljenje za informisanje Vlade TK<\/p>\n","protected":false},"excerpt":{"rendered":"<p>Premijer Tuzlanskog kantona Bego Guti\u0107 posjetio je danas Univerzitetski klini\u010dki centar u Tuzli. U razgovoru sa predsjednicom Upravnog odbora Muneverom Be\u0107arevi\u0107 i direktorom Centra Ne\u0161adom Hoti\u0107em razgovarano je o stanju na Klini\u010dkom centru, trenutnim i planiranim projektima. Posebna pa\u017enja na dana\u0161njem sastanku posve\u0107ena je i nedavnoj posjeti \u010dlanova Kolegija Doma naroda Parlamenta Federacije BiH ovoj&hellip;<\/p>\n","protected":false},"author":2,"featured_media":16294,"comment_status":"closed","ping_status":"open","sticky":false,"template":"","format":"standard","meta":{"footnotes":""},"categories":[11],"tags":[],"class_list":["post-2649","post","type-post","status-publish","format-standard","has-post-thumbnail","hentry","category-vijesti","category-11","description-off"],"_links":{"self":[{"href":"https:\/\/www.ukctuzla.ba\/ukctuzla\/index.php?rest_route=\/wp\/v2\/posts\/2649","targetHints":{"allow":["GET"]}}],"collection":[{"href":"https:\/\/www.ukctuzla.ba\/ukctuzla\/index.php?rest_route=\/wp\/v2\/posts"}],"about":[{"href":"https:\/\/www.ukctuzla.ba\/ukctuzla\/index.php?rest_route=\/wp\/v2\/types\/post"}],"author":[{"embeddable":true,"href":"https:\/\/www.ukctuzla.ba\/ukctuzla\/index.php?rest_route=\/wp\/v2\/users\/2"}],"replies":[{"embeddable":true,"href":"https:\/\/www.ukctuzla.ba\/ukctuzla\/index.php?rest_route=%2Fwp%2Fv2%2Fcomments&post=2649"}],"version-history":[{"count":5,"href":"https:\/\/www.ukctuzla.ba\/ukctuzla\/index.php?rest_route=\/wp\/v2\/posts\/2649\/revisions"}],"predecessor-version":[{"id":2655,"href":"https:\/\/www.ukctuzla.ba\/ukctuzla\/index.php?rest_route=\/wp\/v2\/posts\/2649\/revisions\/2655"}],"wp:featuredmedia":[{"embeddable":true,"href":"https:\/\/www.ukctuzla.ba\/ukctuzla\/index.php?rest_route=\/wp\/v2\/media\/16294"}],"wp:attachment":[{"href":"https:\/\/www.ukctuzla.ba\/ukctuzla\/index.php?rest_route=%2Fwp%2Fv2%2Fmedia&parent=2649"}],"wp:term":[{"taxonomy":"category","embeddable":true,"href":"https:\/\/www.ukctuzla.ba\/ukctuzla\/index.php?rest_route=%2Fwp%2Fv2%2Fcategories&post=2649"},{"taxonomy":"post_tag","embeddable":true,"href":"https:\/\/www.ukctuzla.ba\/ukctuzla\/index.php?rest_route=%2Fwp%2Fv2%2Ftags&post=2649"}],"curies":[{"name":"wp","href":"https:\/\/api.w.org\/{rel}","templated":true}]}}