{"id":2773,"date":"2016-06-28T12:56:00","date_gmt":"2016-06-28T11:56:00","guid":{"rendered":"http:\/\/www.ukctuzla.ba\/ukctuzla\/?p=2773"},"modified":"2016-06-28T13:00:55","modified_gmt":"2016-06-28T12:00:55","slug":"na-drugom-europskom-kongresu-mladih-oftalmologa-bosna-i-hercegovina-imala-dva-pozvana-predavaca-iz-tuzle","status":"publish","type":"post","link":"https:\/\/www.ukctuzla.ba\/ukctuzla\/?p=2773&lang=bs","title":{"rendered":"Na Drugom Europskom kongresu mladih oftalmologa, Bosna i Hercegovina imala dva pozvana predava\u010da iz Tuzle"},"content":{"rendered":"<p style=\"text-align: justify;\"><a href=\"https:\/\/www.ukctuzla.ba\/ukctuzla\/wp-content\/uploads\/2016\/06\/zlatkoamra.jpg\" rel=\"attachment wp-att-2775\"><img loading=\"lazy\" decoding=\"async\" class=\" wp-image-2775 alignright\" src=\"https:\/\/www.ukctuzla.ba\/ukctuzla\/wp-content\/uploads\/2016\/06\/zlatkoamra-300x258.jpg\" alt=\"zlatko&amp;amra\" width=\"197\" height=\"169\" \/><\/a>U periodu od 23. do 24.06.2016 godine, u Auditiorio Principe Felipe kongresnom centru u Oviedu (\u0160panija), odr\u017ean je \u201e2nd European Congress of Young Ophthalmologist\u201c, Bosnu i Hercegovinu su predstavljala dva oftalmologa iz Tuzle. Naime ovaj put Bosna i Hercegovina je imala dva pozvana predava\u010da. Dr Zlatko Mu\u0161anovi\u0107 je u sesiji posve\u0107enoj katarakti imao predavanje na temu \u201eTrics in comlicated catrarct surgery\u201c , dok je Dr Amra Nadarevi\u0107 Voden\u010darevi\u0107 imala predavenje u glaukomskoj sesiji na temu \u201ePreoperative pharmacological managment in patients with cataract and glaucoma\u201c.\u00a0 Zanimljiv je podatak da se na kongres prijavilo vi\u0161e od 600 u\u010desnika iz svih zemalja Europe. Od ukupno 33 pozvanih predavanja koliko je programom obuhva\u0107eno, 6 pozvanih predavanja su pripala mladim oftalmolozima iz zemalja biv\u0161e Jugoslavije.<br \/>\nKongres je bio pod pokroviteljstvom Europskog Udru\u017eenja Oftalmologa (European Society of Ophthalmology SOE). Sve\u010danom otvaranju prisustvovali su i\u00a0 predstavnici SOE, me\u0111u njima i profesor\u00a0 Jan Tjeerd\u00a0 De Faber predsjednik udru\u017eenja kao i profesor Marko Hawlina.<br \/>\nIdu\u0107i kongres mladih oftalmologa Europe biti \u0107e odr\u017ean za dvije godine u Poljskom Krakovu.<\/p>\n","protected":false},"excerpt":{"rendered":"<p>U periodu od 23. do 24.06.2016 godine, u Auditiorio Principe Felipe kongresnom centru u Oviedu (\u0160panija), odr\u017ean je \u201e2nd European Congress of Young Ophthalmologist\u201c, Bosnu i Hercegovinu su predstavljala dva oftalmologa iz Tuzle. Naime ovaj put Bosna i Hercegovina je imala dva pozvana predava\u010da. Dr Zlatko Mu\u0161anovi\u0107 je u sesiji posve\u0107enoj katarakti imao predavanje na&hellip;<\/p>\n","protected":false},"author":2,"featured_media":16294,"comment_status":"closed","ping_status":"open","sticky":false,"template":"","format":"standard","meta":{"footnotes":""},"categories":[11],"tags":[],"class_list":["post-2773","post","type-post","status-publish","format-standard","has-post-thumbnail","hentry","category-vijesti","category-11","description-off"],"_links":{"self":[{"href":"https:\/\/www.ukctuzla.ba\/ukctuzla\/index.php?rest_route=\/wp\/v2\/posts\/2773","targetHints":{"allow":["GET"]}}],"collection":[{"href":"https:\/\/www.ukctuzla.ba\/ukctuzla\/index.php?rest_route=\/wp\/v2\/posts"}],"about":[{"href":"https:\/\/www.ukctuzla.ba\/ukctuzla\/index.php?rest_route=\/wp\/v2\/types\/post"}],"author":[{"embeddable":true,"href":"https:\/\/www.ukctuzla.ba\/ukctuzla\/index.php?rest_route=\/wp\/v2\/users\/2"}],"replies":[{"embeddable":true,"href":"https:\/\/www.ukctuzla.ba\/ukctuzla\/index.php?rest_route=%2Fwp%2Fv2%2Fcomments&post=2773"}],"version-history":[{"count":2,"href":"https:\/\/www.ukctuzla.ba\/ukctuzla\/index.php?rest_route=\/wp\/v2\/posts\/2773\/revisions"}],"predecessor-version":[{"id":2777,"href":"https:\/\/www.ukctuzla.ba\/ukctuzla\/index.php?rest_route=\/wp\/v2\/posts\/2773\/revisions\/2777"}],"wp:featuredmedia":[{"embeddable":true,"href":"https:\/\/www.ukctuzla.ba\/ukctuzla\/index.php?rest_route=\/wp\/v2\/media\/16294"}],"wp:attachment":[{"href":"https:\/\/www.ukctuzla.ba\/ukctuzla\/index.php?rest_route=%2Fwp%2Fv2%2Fmedia&parent=2773"}],"wp:term":[{"taxonomy":"category","embeddable":true,"href":"https:\/\/www.ukctuzla.ba\/ukctuzla\/index.php?rest_route=%2Fwp%2Fv2%2Fcategories&post=2773"},{"taxonomy":"post_tag","embeddable":true,"href":"https:\/\/www.ukctuzla.ba\/ukctuzla\/index.php?rest_route=%2Fwp%2Fv2%2Ftags&post=2773"}],"curies":[{"name":"wp","href":"https:\/\/api.w.org\/{rel}","templated":true}]}}