{"id":3208,"date":"2016-11-07T14:42:21","date_gmt":"2016-11-07T13:42:21","guid":{"rendered":"http:\/\/www.ukctuzla.ba\/ukctuzla\/?p=3208"},"modified":"2016-11-07T14:46:22","modified_gmt":"2016-11-07T13:46:22","slug":"pocela-cetrdeset-treca-uz-skola-dijagnostike-abdomena","status":"publish","type":"post","link":"https:\/\/www.ukctuzla.ba\/ukctuzla\/?p=3208&lang=bs","title":{"rendered":"Po\u010dela \u010detrdeset tre\u0107a  UZ \u0161kola dijagnostike abdomena"},"content":{"rendered":"<p style=\"text-align: justify;\">U okviru kontinuirane edukacije po\u010dela je 43. \u0161kola ultrazvuka dijagnostike abdomena. Osam polaznika \u0107e u narednih trideset dana pro\u0107i teorijsku, a potom i prakti\u010dnu obuku, nakon \u010dega \u0107e biti osposobljeni za samostalni rad.<\/p>\n<p style=\"text-align: justify;\">Prema rije\u010dima prof. dr. Senaida Trna\u010devi\u0107a, voditelja \u0161kole, program \u0161kole obuhvata teoretsku obuku, a nakon toga polaznici pristupaju prakti\u010dnom dijelu koji se ogleda u opisivanju nalaza na osnovu ultrazvu\u010dnih slika, te ultrazvu\u010dnom pregledu pacijenta.<\/p>\n<p style=\"text-align: justify;\">Polaznicima \u0161kole obratio se i prof. dr. Enver Zerem, pomo\u0107nik direktora za nau\u010dnoistra\u017eiva\u010dki rad, koji je rekao da je ultrazvuk aplikativna disciplina kojom bi se trebao znati slu\u017eiti svaki doktor medicine. \u201eUltrazvuk u 21 vijeku je isto \u0161to i slu\u0161alice, nemogu\u0107e je zamisliti bilo kakav klini\u010dki rad bez primjene ultrazvuka\u201d, rekao je prof. dr. Zerem.<\/p>\n<p style=\"text-align: justify;\">\u0160kolu ultrazvu\u010dne dijagnostike abdomena koja je sa radom zapo\u010dela 1997. godine, do danas je zavr\u0161ilo 430 polaznika. Organizatori \u0161kole su Ljekarska komora TK i Univerzitetski klini\u010dki centar Tuzla.<\/p>\n","protected":false},"excerpt":{"rendered":"<p>U okviru kontinuirane edukacije po\u010dela je 43. \u0161kola ultrazvuka dijagnostike abdomena. Osam polaznika \u0107e u narednih trideset dana pro\u0107i teorijsku, a potom i prakti\u010dnu obuku, nakon \u010dega \u0107e biti osposobljeni za samostalni rad. Prema rije\u010dima prof. dr. Senaida Trna\u010devi\u0107a, voditelja \u0161kole, program \u0161kole obuhvata teoretsku obuku, a nakon toga polaznici pristupaju prakti\u010dnom dijelu koji se&hellip;<\/p>\n","protected":false},"author":2,"featured_media":16294,"comment_status":"closed","ping_status":"open","sticky":false,"template":"","format":"standard","meta":{"footnotes":""},"categories":[11],"tags":[],"class_list":["post-3208","post","type-post","status-publish","format-standard","has-post-thumbnail","hentry","category-vijesti","category-11","description-off"],"_links":{"self":[{"href":"https:\/\/www.ukctuzla.ba\/ukctuzla\/index.php?rest_route=\/wp\/v2\/posts\/3208","targetHints":{"allow":["GET"]}}],"collection":[{"href":"https:\/\/www.ukctuzla.ba\/ukctuzla\/index.php?rest_route=\/wp\/v2\/posts"}],"about":[{"href":"https:\/\/www.ukctuzla.ba\/ukctuzla\/index.php?rest_route=\/wp\/v2\/types\/post"}],"author":[{"embeddable":true,"href":"https:\/\/www.ukctuzla.ba\/ukctuzla\/index.php?rest_route=\/wp\/v2\/users\/2"}],"replies":[{"embeddable":true,"href":"https:\/\/www.ukctuzla.ba\/ukctuzla\/index.php?rest_route=%2Fwp%2Fv2%2Fcomments&post=3208"}],"version-history":[{"count":2,"href":"https:\/\/www.ukctuzla.ba\/ukctuzla\/index.php?rest_route=\/wp\/v2\/posts\/3208\/revisions"}],"predecessor-version":[{"id":3211,"href":"https:\/\/www.ukctuzla.ba\/ukctuzla\/index.php?rest_route=\/wp\/v2\/posts\/3208\/revisions\/3211"}],"wp:featuredmedia":[{"embeddable":true,"href":"https:\/\/www.ukctuzla.ba\/ukctuzla\/index.php?rest_route=\/wp\/v2\/media\/16294"}],"wp:attachment":[{"href":"https:\/\/www.ukctuzla.ba\/ukctuzla\/index.php?rest_route=%2Fwp%2Fv2%2Fmedia&parent=3208"}],"wp:term":[{"taxonomy":"category","embeddable":true,"href":"https:\/\/www.ukctuzla.ba\/ukctuzla\/index.php?rest_route=%2Fwp%2Fv2%2Fcategories&post=3208"},{"taxonomy":"post_tag","embeddable":true,"href":"https:\/\/www.ukctuzla.ba\/ukctuzla\/index.php?rest_route=%2Fwp%2Fv2%2Ftags&post=3208"}],"curies":[{"name":"wp","href":"https:\/\/api.w.org\/{rel}","templated":true}]}}