{"id":3995,"date":"2017-03-07T14:00:07","date_gmt":"2017-03-07T13:00:07","guid":{"rendered":"http:\/\/www.ukctuzla.ba\/ukctuzla\/?p=3995"},"modified":"2017-03-09T11:07:58","modified_gmt":"2017-03-09T10:07:58","slug":"otvaranje-centra-za-dojku","status":"publish","type":"post","link":"https:\/\/www.ukctuzla.ba\/ukctuzla\/?p=3995&lang=bs","title":{"rendered":"Otvaranje Centra za dojku"},"content":{"rendered":"<p style=\"text-align: justify;\">U cilju unapre\u0111enja i pobolj\u0161anja rezultata dijagnostike i lije\u010denja karcinoma dojke Univerzitetski klini\u010dki centar Tuzla, u <strong>\u010detvrtak, 16. marta 2017. godine<\/strong>, otvara Centar za dojku. U realizaciji ovog projekta u\u010destvovala je i kompanija Avon koja je u okviru donacije renovirala jednu od \u010dekaonica i poklonila ultrazvu\u010dni aparat koji \u0107e biti stavljen na kori\u0161tenje pacijentima Centra za dojku. Sve\u010dana ceremonija otvaranja Centra planirana je za 10 sati, nakon \u010dega su planirane izjave za medije.<\/p>\n<p style=\"text-align: justify;\">Nakon sve\u010dane ceremonije otvaranja Centra za dojku u UKC Tuzla, u Hotelu Tuzla, sa po\u010detkom u 12 sati bit \u0107e odr\u017ean okrugli sto na temu &#8220;Karcinom dojke, njegovo dijagnosticiranje i lije\u010denje&#8221;.<\/p>\n<p style=\"text-align: justify;\">U\u010desnici okruglog stola bit \u0107e: internista, onkolog doc. dr. Jasmina Alid\u017eanovi\u0107, internista, onkolog dr. Dijana Kopri\u0107, specijalista radijacijske onkologije prim.dr.Hasan Osmi\u0107, specijalista patolo\u0161ke anatomije doc.dr.med.sc. Jasminka Mujanovi\u0107 Mustedanagi\u0107, spec.plasti\u010dne hirurgije, dr. Azra Pa\u0161i\u0107, spec.plasti\u010dne hirurgije, dr. Mirsad \u0160ekambet, specijalista med. radiologije dr. Mensura Burina i\u00a0 specijalista med. radiologije dr. Hanifa Fejzi\u0107. Moderator okruglog stola bit \u0107e prof. dr. Fahrija Skoki\u0107.<\/p>\n","protected":false},"excerpt":{"rendered":"<p>U cilju unapre\u0111enja i pobolj\u0161anja rezultata dijagnostike i lije\u010denja karcinoma dojke Univerzitetski klini\u010dki centar Tuzla, u \u010detvrtak, 16. marta 2017. godine, otvara Centar za dojku. U realizaciji ovog projekta u\u010destvovala je i kompanija Avon koja je u okviru donacije renovirala jednu od \u010dekaonica i poklonila ultrazvu\u010dni aparat koji \u0107e biti stavljen na kori\u0161tenje pacijentima Centra&hellip;<\/p>\n","protected":false},"author":2,"featured_media":16294,"comment_status":"closed","ping_status":"open","sticky":false,"template":"","format":"standard","meta":{"footnotes":""},"categories":[11],"tags":[],"class_list":["post-3995","post","type-post","status-publish","format-standard","has-post-thumbnail","hentry","category-vijesti","category-11","description-off"],"_links":{"self":[{"href":"https:\/\/www.ukctuzla.ba\/ukctuzla\/index.php?rest_route=\/wp\/v2\/posts\/3995","targetHints":{"allow":["GET"]}}],"collection":[{"href":"https:\/\/www.ukctuzla.ba\/ukctuzla\/index.php?rest_route=\/wp\/v2\/posts"}],"about":[{"href":"https:\/\/www.ukctuzla.ba\/ukctuzla\/index.php?rest_route=\/wp\/v2\/types\/post"}],"author":[{"embeddable":true,"href":"https:\/\/www.ukctuzla.ba\/ukctuzla\/index.php?rest_route=\/wp\/v2\/users\/2"}],"replies":[{"embeddable":true,"href":"https:\/\/www.ukctuzla.ba\/ukctuzla\/index.php?rest_route=%2Fwp%2Fv2%2Fcomments&post=3995"}],"version-history":[{"count":4,"href":"https:\/\/www.ukctuzla.ba\/ukctuzla\/index.php?rest_route=\/wp\/v2\/posts\/3995\/revisions"}],"predecessor-version":[{"id":4020,"href":"https:\/\/www.ukctuzla.ba\/ukctuzla\/index.php?rest_route=\/wp\/v2\/posts\/3995\/revisions\/4020"}],"wp:featuredmedia":[{"embeddable":true,"href":"https:\/\/www.ukctuzla.ba\/ukctuzla\/index.php?rest_route=\/wp\/v2\/media\/16294"}],"wp:attachment":[{"href":"https:\/\/www.ukctuzla.ba\/ukctuzla\/index.php?rest_route=%2Fwp%2Fv2%2Fmedia&parent=3995"}],"wp:term":[{"taxonomy":"category","embeddable":true,"href":"https:\/\/www.ukctuzla.ba\/ukctuzla\/index.php?rest_route=%2Fwp%2Fv2%2Fcategories&post=3995"},{"taxonomy":"post_tag","embeddable":true,"href":"https:\/\/www.ukctuzla.ba\/ukctuzla\/index.php?rest_route=%2Fwp%2Fv2%2Ftags&post=3995"}],"curies":[{"name":"wp","href":"https:\/\/api.w.org\/{rel}","templated":true}]}}