{"id":4072,"date":"2017-03-21T16:32:34","date_gmt":"2017-03-21T15:32:34","guid":{"rendered":"http:\/\/www.ukctuzla.ba\/ukctuzla\/?p=4072"},"modified":"2017-03-22T09:12:20","modified_gmt":"2017-03-22T08:12:20","slug":"najavljujemo-8","status":"publish","type":"post","link":"https:\/\/www.ukctuzla.ba\/ukctuzla\/?p=4072&lang=bs","title":{"rendered":"Najavljujemo:"},"content":{"rendered":"<p style=\"text-align: justify;\">Povodom obilje\u017eavanja Dana podr\u0161ke oboljelim od epilepsije \u02ddPurple Day\u02dd, u sali za sastanke Klinike za neurologiju UKC Tuzla, u \u010detvrtak, 23.3.2017. godine, sa po\u010detkom u 11 sati, odr\u017eat \u0107e se konferencija za novinare. Na konferenciji za novinare obratit \u0107e se prof.dr. Osman Sinanovi\u0107, na\u010delnik Klinike za neurologiju, prim. dr. Larisa Kova\u010devi\u0107, dr. Lejla Zoni\u0107, dr. Leila Avdi\u0107 i dr. Nevzeta Mustafi\u0107, neuropedijatar.<\/p>\n<p style=\"text-align: justify;\">Klinika za neurologiju UKC Tuzla i ove godine nizom aktivnosti, u znak podr\u0161ke oboljelim od epilepsije, se pridru\u017euju obilje\u017eavanju Ljubi\u010dastog dana. U svijetu se taj dan obilje\u017eava od 2008. godine kao \u02ddPurple Day\u02dd ili \u02ddLjubi\u010dasti dan\u02dd, na incijativu devetogodi\u0161nje djevoj\u010dice Megan Cassidy iz Kanade, u cilju podizanja svijesti o epilepsiji i ukazivanju na va\u017enost upoznavanja sa osnovnim simptomima ove bolesti i na\u010dinima na koje se oboljelima mo\u017ee pomo\u0107i. Kroz aktivnosti koje se provode u povodu obilje\u017eavanja ovog dana svi obu\u010deni u ljubi\u010dasto ili sa ljubi\u010dastim detaljima koje nose na taj dan, \u0161alju poruke da oboljeli nisu sami.<\/p>\n<p>Planirane aktivnosti \u0107e biti odr\u017eane u Bingo City Centru, <strong>26.03.2017. godine, sa po\u010detkom u 11 sati.<\/strong><\/p>\n","protected":false},"excerpt":{"rendered":"<p>Povodom obilje\u017eavanja Dana podr\u0161ke oboljelim od epilepsije \u02ddPurple Day\u02dd, u sali za sastanke Klinike za neurologiju UKC Tuzla, u \u010detvrtak, 23.3.2017. godine, sa po\u010detkom u 11 sati, odr\u017eat \u0107e se konferencija za novinare. Na konferenciji za novinare obratit \u0107e se prof.dr. Osman Sinanovi\u0107, na\u010delnik Klinike za neurologiju, prim. dr. Larisa Kova\u010devi\u0107, dr. Lejla Zoni\u0107, dr.&hellip;<\/p>\n","protected":false},"author":2,"featured_media":1587,"comment_status":"closed","ping_status":"open","sticky":false,"template":"","format":"standard","meta":{"footnotes":""},"categories":[11],"tags":[],"class_list":["post-4072","post","type-post","status-publish","format-standard","has-post-thumbnail","hentry","category-vijesti","category-11","description-off"],"_links":{"self":[{"href":"https:\/\/www.ukctuzla.ba\/ukctuzla\/index.php?rest_route=\/wp\/v2\/posts\/4072","targetHints":{"allow":["GET"]}}],"collection":[{"href":"https:\/\/www.ukctuzla.ba\/ukctuzla\/index.php?rest_route=\/wp\/v2\/posts"}],"about":[{"href":"https:\/\/www.ukctuzla.ba\/ukctuzla\/index.php?rest_route=\/wp\/v2\/types\/post"}],"author":[{"embeddable":true,"href":"https:\/\/www.ukctuzla.ba\/ukctuzla\/index.php?rest_route=\/wp\/v2\/users\/2"}],"replies":[{"embeddable":true,"href":"https:\/\/www.ukctuzla.ba\/ukctuzla\/index.php?rest_route=%2Fwp%2Fv2%2Fcomments&post=4072"}],"version-history":[{"count":3,"href":"https:\/\/www.ukctuzla.ba\/ukctuzla\/index.php?rest_route=\/wp\/v2\/posts\/4072\/revisions"}],"predecessor-version":[{"id":4075,"href":"https:\/\/www.ukctuzla.ba\/ukctuzla\/index.php?rest_route=\/wp\/v2\/posts\/4072\/revisions\/4075"}],"wp:featuredmedia":[{"embeddable":true,"href":"https:\/\/www.ukctuzla.ba\/ukctuzla\/index.php?rest_route=\/wp\/v2\/media\/1587"}],"wp:attachment":[{"href":"https:\/\/www.ukctuzla.ba\/ukctuzla\/index.php?rest_route=%2Fwp%2Fv2%2Fmedia&parent=4072"}],"wp:term":[{"taxonomy":"category","embeddable":true,"href":"https:\/\/www.ukctuzla.ba\/ukctuzla\/index.php?rest_route=%2Fwp%2Fv2%2Fcategories&post=4072"},{"taxonomy":"post_tag","embeddable":true,"href":"https:\/\/www.ukctuzla.ba\/ukctuzla\/index.php?rest_route=%2Fwp%2Fv2%2Ftags&post=4072"}],"curies":[{"name":"wp","href":"https:\/\/api.w.org\/{rel}","templated":true}]}}