{"id":4548,"date":"2017-06-15T13:48:04","date_gmt":"2017-06-15T12:48:04","guid":{"rendered":"http:\/\/www.ukctuzla.ba\/ukctuzla\/?p=4548"},"modified":"2017-06-16T09:36:54","modified_gmt":"2017-06-16T08:36:54","slug":"odrzan-drugi-strucni-sastanak-udruzenja-za-djeciju-i-adolescentnu-psihijatriju-u-bosni-i-hercegovini","status":"publish","type":"post","link":"https:\/\/www.ukctuzla.ba\/ukctuzla\/?p=4548&lang=bs","title":{"rendered":"Odr\u017ean Drugi stru\u010dni sastanak Udru\u017eenja za dje\u010diju i adolescentnu psihijatriju u Bosni i Hercegovini"},"content":{"rendered":"<p style=\"text-align: justify;\">U organizaciji Klinike za psihijatriju UKC Tuzla i Udru\u017eenja za dje\u010diju i adolescentnu psihijatriju u BiH, odr\u017ean je Drugi stru\u010dni sastanak UDAP-e u Bosni i Hercegovini sa me\u0111unarodnim u\u010de\u0161\u0107em.<\/p>\n<p style=\"text-align: justify;\">Tema sastanka je bila &#8220;Grupna psihoterapija adolescenata sa internaliziraju\u0107im eksternaliziraju\u0107im poreme\u0107ajima&#8221;, a predava\u010di istaknuti stru\u010dnjaci iz oblasti dje\u010dije i adolescentne psihijatrije, prof. dr. med. dipl. psych. Klaus Schmeck iz Univerzitetske klinike za psihijatriju iz Bazela, \u0160vicarska i dr. med. Susanne Schluter \u2013 Muller, specijalista dje\u010dije i adolescentne psihijatrije i psihoterapije iz Bazela, \u0160vicarska. Tokom svojih prezentacija, prof. dr. Schmeck i dr. med. Muller, su ukazali na aspekte psihodrame u grupnoj psihoterapiji za djecu i adolescente sa psihosomatskim i anksioznim poreme\u0107ajima, kao i na aspekte grupne psihoterapije za djecu i adolescente sa agresivnim i impulsivnim pona\u0161anjem.<\/p>\n<p style=\"text-align: justify;\">Prema rije\u010dima dr. Susanne Schluter-Muller, teorija psihodinamske grupne terapije ukazuje da mentalni poreme\u0107aji i njihov uticaj na psihosomatske i anksiozne poreme\u0107aje i depresiju, mogu nastati kao rezultat stresnog iskustva koje pacijent nije mogao integrirati i nositi se s njim na adekvatan na\u010din. Ona je u svom predavanju &#8220;Psihodrama u grupnoj psihoterapiji za djecu i adolescente sa psihosomatskim i anksioznim poreme\u0107ajima&#8221; istakla da je psihodrama razvijena kao metoda koja za cilj ima osloboditi ljudsku spontanost i simultanost. &#8220;Procedura sesije psihodrame obuhvata strukturiranje i razvoj grupne teme, scensko razumjevanje uloga i aspekte transfera vezano za terapeute. Preduslov za grupnu terapiju psihodramu je spremnost djeteta\/adolescenta na anga\u017eman u du\u017eem vremenskom periodu, otprilike od 3 do 6 mjeseci, kao i u\u010de\u0161\u0107e roditelja u porodi\u010dnim sesijama&#8221;, poja\u0161njava dr. Schluter-Muller.<\/p>\n<p>Predavanja su pratili psihijatri, psiholozi, defektolozi i socijalni radnici.<\/p>\n","protected":false},"excerpt":{"rendered":"<p>U organizaciji Klinike za psihijatriju UKC Tuzla i Udru\u017eenja za dje\u010diju i adolescentnu psihijatriju u BiH, odr\u017ean je Drugi stru\u010dni sastanak UDAP-e u Bosni i Hercegovini sa me\u0111unarodnim u\u010de\u0161\u0107em. Tema sastanka je bila &#8220;Grupna psihoterapija adolescenata sa internaliziraju\u0107im eksternaliziraju\u0107im poreme\u0107ajima&#8221;, a predava\u010di istaknuti stru\u010dnjaci iz oblasti dje\u010dije i adolescentne psihijatrije, prof. dr. med. dipl. psych.&hellip;<\/p>\n","protected":false},"author":2,"featured_media":16294,"comment_status":"closed","ping_status":"open","sticky":false,"template":"","format":"standard","meta":{"footnotes":""},"categories":[11],"tags":[],"class_list":["post-4548","post","type-post","status-publish","format-standard","has-post-thumbnail","hentry","category-vijesti","category-11","description-off"],"_links":{"self":[{"href":"https:\/\/www.ukctuzla.ba\/ukctuzla\/index.php?rest_route=\/wp\/v2\/posts\/4548","targetHints":{"allow":["GET"]}}],"collection":[{"href":"https:\/\/www.ukctuzla.ba\/ukctuzla\/index.php?rest_route=\/wp\/v2\/posts"}],"about":[{"href":"https:\/\/www.ukctuzla.ba\/ukctuzla\/index.php?rest_route=\/wp\/v2\/types\/post"}],"author":[{"embeddable":true,"href":"https:\/\/www.ukctuzla.ba\/ukctuzla\/index.php?rest_route=\/wp\/v2\/users\/2"}],"replies":[{"embeddable":true,"href":"https:\/\/www.ukctuzla.ba\/ukctuzla\/index.php?rest_route=%2Fwp%2Fv2%2Fcomments&post=4548"}],"version-history":[{"count":3,"href":"https:\/\/www.ukctuzla.ba\/ukctuzla\/index.php?rest_route=\/wp\/v2\/posts\/4548\/revisions"}],"predecessor-version":[{"id":4555,"href":"https:\/\/www.ukctuzla.ba\/ukctuzla\/index.php?rest_route=\/wp\/v2\/posts\/4548\/revisions\/4555"}],"wp:featuredmedia":[{"embeddable":true,"href":"https:\/\/www.ukctuzla.ba\/ukctuzla\/index.php?rest_route=\/wp\/v2\/media\/16294"}],"wp:attachment":[{"href":"https:\/\/www.ukctuzla.ba\/ukctuzla\/index.php?rest_route=%2Fwp%2Fv2%2Fmedia&parent=4548"}],"wp:term":[{"taxonomy":"category","embeddable":true,"href":"https:\/\/www.ukctuzla.ba\/ukctuzla\/index.php?rest_route=%2Fwp%2Fv2%2Fcategories&post=4548"},{"taxonomy":"post_tag","embeddable":true,"href":"https:\/\/www.ukctuzla.ba\/ukctuzla\/index.php?rest_route=%2Fwp%2Fv2%2Ftags&post=4548"}],"curies":[{"name":"wp","href":"https:\/\/api.w.org\/{rel}","templated":true}]}}