{"id":5993,"date":"2018-04-20T10:24:32","date_gmt":"2018-04-20T09:24:32","guid":{"rendered":"http:\/\/www.ukctuzla.ba\/ukctuzla\/?p=5993"},"modified":"2018-04-20T14:29:18","modified_gmt":"2018-04-20T13:29:18","slug":"in-memoriam","status":"publish","type":"post","link":"https:\/\/www.ukctuzla.ba\/ukctuzla\/?p=5993&lang=bs","title":{"rendered":"In memoriam"},"content":{"rendered":"<p style=\"text-align: justify;\">Od posljedica sr\u010danog udara u 55. godini \u017eivota preminuo je dr. Adnan Delibegovi\u0107, specijalista radijacijske onkologije Univerzitetskog klini\u010dkog centra Tuzla.<\/p>\n<p style=\"text-align: justify;\">Dr. Adnan Delibegovi\u0107 je Medicinski fakultet zavr\u0161io u Tuzli 1991. godine, a specijalizaciju iz radijacijske onkologije 2003. godine u Sarajevu. Postdiplomski studij je zavr\u0161io na Medicinskom fakultetu u Sarajevu 2007. godine.<\/p>\n<p style=\"text-align: justify;\">Zvanje vi\u0161eg asistenta na Medicinskom fakultetu Tuzla iz predmeta onkologija stekao je u decembru 2014. godine.<\/p>\n<p style=\"text-align: justify;\">Na mjesto \u0161efa palijativne njege imenovan je 2003. godine i tu funkciju je obavljao do 2005. godine. Funkciju \u0161efa Odjeljenja za radioterapiju obavlja od 2006. godine do 2009. godine kada je imenovan za \u0161efa Odjeljenja za radioterapiju pri Klinici za onkologiju, hematologiju i radioterapiju. Na mjesto na\u010delnika Klinike za onkologiju, hematologiju i radioterapiju imenovan je 2011. godine i na tom mjestu ostaje do januara 2018. godine. Do trenutka smrti dr. Adnan Delibegovi\u0107 je obavljao du\u017enost \u0161efa Odsjeka za teleterapiju.<\/p>\n<p style=\"text-align: justify;\"><strong>Posljednji ispra\u0107aj \u0107e se obaviti ispred Komemorativnog centra u Tuzli, u subotu, 21. 4. 2018. godine u 11 sati, a d\u017eenaza i ukop u haremu D\u017eindijske d\u017eamije poslije podne namaza.<\/strong><\/p>\n","protected":false},"excerpt":{"rendered":"<p>Od posljedica sr\u010danog udara u 55. godini \u017eivota preminuo je dr. Adnan Delibegovi\u0107, specijalista radijacijske onkologije Univerzitetskog klini\u010dkog centra Tuzla. Dr. Adnan Delibegovi\u0107 je Medicinski fakultet zavr\u0161io u Tuzli 1991. godine, a specijalizaciju iz radijacijske onkologije 2003. godine u Sarajevu. Postdiplomski studij je zavr\u0161io na Medicinskom fakultetu u Sarajevu 2007. godine. Zvanje vi\u0161eg asistenta na&hellip;<\/p>\n","protected":false},"author":2,"featured_media":5997,"comment_status":"closed","ping_status":"open","sticky":false,"template":"","format":"standard","meta":{"footnotes":""},"categories":[11],"tags":[],"class_list":["post-5993","post","type-post","status-publish","format-standard","has-post-thumbnail","hentry","category-vijesti","category-11","description-off"],"_links":{"self":[{"href":"https:\/\/www.ukctuzla.ba\/ukctuzla\/index.php?rest_route=\/wp\/v2\/posts\/5993","targetHints":{"allow":["GET"]}}],"collection":[{"href":"https:\/\/www.ukctuzla.ba\/ukctuzla\/index.php?rest_route=\/wp\/v2\/posts"}],"about":[{"href":"https:\/\/www.ukctuzla.ba\/ukctuzla\/index.php?rest_route=\/wp\/v2\/types\/post"}],"author":[{"embeddable":true,"href":"https:\/\/www.ukctuzla.ba\/ukctuzla\/index.php?rest_route=\/wp\/v2\/users\/2"}],"replies":[{"embeddable":true,"href":"https:\/\/www.ukctuzla.ba\/ukctuzla\/index.php?rest_route=%2Fwp%2Fv2%2Fcomments&post=5993"}],"version-history":[{"count":3,"href":"https:\/\/www.ukctuzla.ba\/ukctuzla\/index.php?rest_route=\/wp\/v2\/posts\/5993\/revisions"}],"predecessor-version":[{"id":6014,"href":"https:\/\/www.ukctuzla.ba\/ukctuzla\/index.php?rest_route=\/wp\/v2\/posts\/5993\/revisions\/6014"}],"wp:featuredmedia":[{"embeddable":true,"href":"https:\/\/www.ukctuzla.ba\/ukctuzla\/index.php?rest_route=\/wp\/v2\/media\/5997"}],"wp:attachment":[{"href":"https:\/\/www.ukctuzla.ba\/ukctuzla\/index.php?rest_route=%2Fwp%2Fv2%2Fmedia&parent=5993"}],"wp:term":[{"taxonomy":"category","embeddable":true,"href":"https:\/\/www.ukctuzla.ba\/ukctuzla\/index.php?rest_route=%2Fwp%2Fv2%2Fcategories&post=5993"},{"taxonomy":"post_tag","embeddable":true,"href":"https:\/\/www.ukctuzla.ba\/ukctuzla\/index.php?rest_route=%2Fwp%2Fv2%2Ftags&post=5993"}],"curies":[{"name":"wp","href":"https:\/\/api.w.org\/{rel}","templated":true}]}}