{"id":6374,"date":"2018-07-05T14:42:43","date_gmt":"2018-07-05T13:42:43","guid":{"rendered":"http:\/\/www.ukctuzla.ba\/ukctuzla\/?p=6374"},"modified":"2018-07-05T14:42:43","modified_gmt":"2018-07-05T13:42:43","slug":"najavljen-prvi-simpozij-djecije-i-adolescentne-psihijatrije-bosne-i-hercegovine-sa-medjunarodnim-ucescem","status":"publish","type":"post","link":"https:\/\/www.ukctuzla.ba\/ukctuzla\/?p=6374&lang=bs","title":{"rendered":"Najavljen  Prvi simpozij dje\u010dije i adolescentne psihijatrije Bosne i Hercegovine sa me\u0111unarodnim u\u010de\u0161\u0107em"},"content":{"rendered":"<p>U organizaciji Udru\u017eenja za dje\u010diju i adolescentnu psihijatriju u Bosni i Hercegovini, Klinike za psihijatriju Univerzitetskog klini\u010dkog centra Tuzla, a u saradnji sa Udru\u017eenjem psihijatara u Bosni i Hercegovini, 6. i 7. jula 2018. godine odr\u017eat \u0107e se Prvi simpozij dje\u010dije i adolescentne psihijatrije Bosne i Hercegovine sa me\u0111unarodnim u\u010de\u0161\u0107em. Tim povodom na Klinici za psihijatriju UKC Tuzla odr\u017eana je konferencija za novinara na kojoj je predstavljen program simpozija koji \u0107e se odr\u017eati na temu &#8220;Zanemarivanje i drugi problemi djece i omladine u savremenom dru\u0161tvu: psihi\u010dke posljedice&#8221;, te najavljena radionica za \u0161kolske psihologe, \u0161kolske pedagoge i odgajatelje pred\u0161kolskih i \u0161kolskih ustanova.<br \/>\nPokrovitelji simpozija su Akademija nauka i umjetnosti Bosne i Hercegovine i Evropsko dru\u0161tvo za dje\u010diju i adolescentnu psihijatriju. Prema rije\u010dima na\u010delnika Klinike za psihijatriju i predsjednika organizacionog odbora simpozija, prof. dr. Izeta Pajevi\u0107a, cilj organizatora je bio okupiti specijaliste neuropsihijatrije koji se bavi dje\u010dijom i adolescentnom psihijatrijom, te na visokom stru\u010dnom nivou obraditi najaktuelnije probleme sa kojima se susre\u0107u djeca i adolescenti u savremenom dru\u0161tvu.<br \/>\n&#8220;Imaju\u0107i u vidu osjetljivost i ranjivost osoba u dje\u010dijoj i adolescentnoj dobi i pove\u0107anu potrebu za psihijatrijskom za\u0161titom te populacije, osoblje Klinike za psihijatriju ve\u0107 du\u017ei niz godina poduzima aktivnosti u cilju stvaranja preduslova za pobolj\u0161anje za\u0161tite mentalnog zdravlja djece i adolescenata&#8221;, rekao je prof. Pajevi\u0107.<\/p>\n<p>Doc. dr. med. sci. Nermina Kravi\u0107, \u0161ef Odjeljenja za dje\u010diju i adolescentnu psihijatriju tokom obra\u0107anja novinarima je predstavila predava\u010de i program radionice koja \u0107e se odr\u017eati u petak, 6. jula 2018. godine u Behram-begovoj medresi u Tuzli na temu &#8220;Rano prepoznavanje psihi\u010dkih problema kod djece i mladih&#8221;. Doc. Kravi\u0107 je naglasila da od ukupnog broja pregleda djece i adolescenata na Klinici za psihijatriju najve\u0107i broj su \u010dinila djeca i adolescenti sa tegobama iz neurotskih i sa stresom povezanih poreme\u0107aja, a potom djeca sa poreme\u0107ajima pona\u0161anja i emocionalnim poreme\u0107ajima. Doc. dr. Kravi\u0107 je istakla i to da se svake godine, na akutnom odjeljenju, zbog urgentnosti slu\u010daja, kao \u0161to je poku\u0161aj suicida ili agresivno pona\u0161anje i psihoti\u010dni poreme\u0107aji, hospitaliziraju maloljetni pacijenti.<\/p>\n<p>Prof. dr. med. sci. Mevludin Hasanovi\u0107, \u0161ef Odjeljenja za socijalnu psihijatriju je naglasio zna\u010daj odr\u017eavanja simpozija dje\u010dije i adolescentne psihijatrije jer \u0107e ovaj skup predstavljati priliku da dje\u010diji i adolescentni psihijatri i drugi stru\u010dnjaci koji se bave za\u0161titom psihi\u010dkog zdravlja djece i omladine razmijene iskustva i aktuelne informacije iz ove, u praksi, nedovoljno afirmisane medicinske oblasti. Prof. dr. Hasanovi\u0107 je rekao da je iskazan veliki interes stru\u010dne javnosti za ovaj doga\u0111aj, te da je prijavljen veliki broj u\u010desnika simpozija.<\/p>\n","protected":false},"excerpt":{"rendered":"<p>U organizaciji Udru\u017eenja za dje\u010diju i adolescentnu psihijatriju u Bosni i Hercegovini, Klinike za psihijatriju Univerzitetskog klini\u010dkog centra Tuzla, a u saradnji sa Udru\u017eenjem psihijatara u Bosni i Hercegovini, 6. i 7. jula 2018. godine odr\u017eat \u0107e se Prvi simpozij dje\u010dije i adolescentne psihijatrije Bosne i Hercegovine sa me\u0111unarodnim u\u010de\u0161\u0107em. Tim povodom na Klinici za&hellip;<\/p>\n","protected":false},"author":2,"featured_media":16294,"comment_status":"closed","ping_status":"open","sticky":false,"template":"","format":"standard","meta":{"footnotes":""},"categories":[11],"tags":[],"class_list":["post-6374","post","type-post","status-publish","format-standard","has-post-thumbnail","hentry","category-vijesti","category-11","description-off"],"_links":{"self":[{"href":"https:\/\/www.ukctuzla.ba\/ukctuzla\/index.php?rest_route=\/wp\/v2\/posts\/6374","targetHints":{"allow":["GET"]}}],"collection":[{"href":"https:\/\/www.ukctuzla.ba\/ukctuzla\/index.php?rest_route=\/wp\/v2\/posts"}],"about":[{"href":"https:\/\/www.ukctuzla.ba\/ukctuzla\/index.php?rest_route=\/wp\/v2\/types\/post"}],"author":[{"embeddable":true,"href":"https:\/\/www.ukctuzla.ba\/ukctuzla\/index.php?rest_route=\/wp\/v2\/users\/2"}],"replies":[{"embeddable":true,"href":"https:\/\/www.ukctuzla.ba\/ukctuzla\/index.php?rest_route=%2Fwp%2Fv2%2Fcomments&post=6374"}],"version-history":[{"count":1,"href":"https:\/\/www.ukctuzla.ba\/ukctuzla\/index.php?rest_route=\/wp\/v2\/posts\/6374\/revisions"}],"predecessor-version":[{"id":6376,"href":"https:\/\/www.ukctuzla.ba\/ukctuzla\/index.php?rest_route=\/wp\/v2\/posts\/6374\/revisions\/6376"}],"wp:featuredmedia":[{"embeddable":true,"href":"https:\/\/www.ukctuzla.ba\/ukctuzla\/index.php?rest_route=\/wp\/v2\/media\/16294"}],"wp:attachment":[{"href":"https:\/\/www.ukctuzla.ba\/ukctuzla\/index.php?rest_route=%2Fwp%2Fv2%2Fmedia&parent=6374"}],"wp:term":[{"taxonomy":"category","embeddable":true,"href":"https:\/\/www.ukctuzla.ba\/ukctuzla\/index.php?rest_route=%2Fwp%2Fv2%2Fcategories&post=6374"},{"taxonomy":"post_tag","embeddable":true,"href":"https:\/\/www.ukctuzla.ba\/ukctuzla\/index.php?rest_route=%2Fwp%2Fv2%2Ftags&post=6374"}],"curies":[{"name":"wp","href":"https:\/\/api.w.org\/{rel}","templated":true}]}}