{"id":6395,"date":"2018-07-07T13:06:37","date_gmt":"2018-07-07T12:06:37","guid":{"rendered":"http:\/\/www.ukctuzla.ba\/ukctuzla\/?p=6395"},"modified":"2018-07-07T13:12:50","modified_gmt":"2018-07-07T12:12:50","slug":"prvi-simpozij-djecije-i-adolescentne-psihijatrije-bosne-i-hercegovine-sa-medjunarodnim-ucescem","status":"publish","type":"post","link":"https:\/\/www.ukctuzla.ba\/ukctuzla\/?p=6395&lang=bs","title":{"rendered":"Prvi simpozij dje\u010dije i adolescentne psihijatrije Bosne i Hercegovine sa me\u0111unarodnim u\u010de\u0161\u0107em"},"content":{"rendered":"<p>U Hotelu Tuzla u Tuzli sve\u010dano je otvoren Prvi simpozij dje\u010dije i adolescentne psihijatrije Bosne i Hercegovine sa me\u0111unarodnim u\u010de\u0161\u0107em. Simpozij je odr\u017ean u organizaciji Udru\u017eenja za dje\u010diju i adolescentnu psihijatriju u Bosni i Hercegovini, Klinike za psihijatriju Univerzitetskog klini\u010dkog centra Tuzla, a u saradnji sa Udru\u017eenjem psihijatara u Bosni i Hercegovini. Glavna tema simpozija \u201cZanemarivanje i drugi problemi djece i omladine u savremenom dru\u0161tvu: psihi\u010dke posljedice\u201d okupila je stru\u010dnjake koji se bave za\u0161titom psihi\u010dkog zdravlja djece i omladine koji su ovom prilikom razmjenjivali znanja, iskustva i aktuelne informacije iz ove oblasti.<br \/>\nPrema rije\u010dima predsjednika organizacionog odbora, prof. dr. Izeta Pajevi\u0107a, na\u010delnika Klinike za psihijatriju, Udru\u017eenje za dje\u010diju i adolescentnu psihijatriju u BiH osnovano je prije \u0161est godina i aktivno radi i djeluje u cilju stvaranja preduslova za pobolj\u0161anje za\u0161tite mentalnog zdravlja djece i adolescenata. Tako\u0111er je naglasio da Klinika za psihijatriju UKC Tuzla prepoznaje potrebu za psihijatrijskom za\u0161titom ove populacije te shodno tome kontinuirano vr\u0161i edukaciju kadra Odjeljenja za dje\u010diju i adolescentnu psihijatriju, te unaprje\u0111uje rad ovog odjeljenja, a u toku su i radovi na adaptaciji i opremanju zgrade u kojoj \u0107e biti smje\u0161teno pomenuto odjeljenje.<br \/>\nSimpozij je zvani\u010dno otvorenim proglasio akademik, prof. dr. Enver Zerem koji je istakao da je Akademija nauka i umjetnosti BiH institucija koja ima precizne kriterije koji skupovi imaju relevantnost da ima Akademija pru\u017ei pokroviteljstvo te da je simpozij psihijatara te kriterije zadovoljio i on je ponosan \u0161to mu je ukazana \u010dast da otvori ovaj za struku zna\u010dajan skup.<br \/>\nPored Akademije nauka i umjetnosti BiH pokroviteljstvo simpoziju je pru\u017eilo i Evropsko dru\u0161tvo za dje\u010diju i adolescentnu psihijatriju \u010diji \u010dlan od ove godine je i Udru\u017eenje psihijatara Bosne i Hercegovine.<\/p>\n","protected":false},"excerpt":{"rendered":"<p>U Hotelu Tuzla u Tuzli sve\u010dano je otvoren Prvi simpozij dje\u010dije i adolescentne psihijatrije Bosne i Hercegovine sa me\u0111unarodnim u\u010de\u0161\u0107em. Simpozij je odr\u017ean u organizaciji Udru\u017eenja za dje\u010diju i adolescentnu psihijatriju u Bosni i Hercegovini, Klinike za psihijatriju Univerzitetskog klini\u010dkog centra Tuzla, a u saradnji sa Udru\u017eenjem psihijatara u Bosni i Hercegovini. Glavna tema simpozija&hellip;<\/p>\n","protected":false},"author":4,"featured_media":16294,"comment_status":"closed","ping_status":"open","sticky":false,"template":"","format":"standard","meta":{"footnotes":""},"categories":[11],"tags":[],"class_list":["post-6395","post","type-post","status-publish","format-standard","has-post-thumbnail","hentry","category-vijesti","category-11","description-off"],"_links":{"self":[{"href":"https:\/\/www.ukctuzla.ba\/ukctuzla\/index.php?rest_route=\/wp\/v2\/posts\/6395","targetHints":{"allow":["GET"]}}],"collection":[{"href":"https:\/\/www.ukctuzla.ba\/ukctuzla\/index.php?rest_route=\/wp\/v2\/posts"}],"about":[{"href":"https:\/\/www.ukctuzla.ba\/ukctuzla\/index.php?rest_route=\/wp\/v2\/types\/post"}],"author":[{"embeddable":true,"href":"https:\/\/www.ukctuzla.ba\/ukctuzla\/index.php?rest_route=\/wp\/v2\/users\/4"}],"replies":[{"embeddable":true,"href":"https:\/\/www.ukctuzla.ba\/ukctuzla\/index.php?rest_route=%2Fwp%2Fv2%2Fcomments&post=6395"}],"version-history":[{"count":1,"href":"https:\/\/www.ukctuzla.ba\/ukctuzla\/index.php?rest_route=\/wp\/v2\/posts\/6395\/revisions"}],"predecessor-version":[{"id":6396,"href":"https:\/\/www.ukctuzla.ba\/ukctuzla\/index.php?rest_route=\/wp\/v2\/posts\/6395\/revisions\/6396"}],"wp:featuredmedia":[{"embeddable":true,"href":"https:\/\/www.ukctuzla.ba\/ukctuzla\/index.php?rest_route=\/wp\/v2\/media\/16294"}],"wp:attachment":[{"href":"https:\/\/www.ukctuzla.ba\/ukctuzla\/index.php?rest_route=%2Fwp%2Fv2%2Fmedia&parent=6395"}],"wp:term":[{"taxonomy":"category","embeddable":true,"href":"https:\/\/www.ukctuzla.ba\/ukctuzla\/index.php?rest_route=%2Fwp%2Fv2%2Fcategories&post=6395"},{"taxonomy":"post_tag","embeddable":true,"href":"https:\/\/www.ukctuzla.ba\/ukctuzla\/index.php?rest_route=%2Fwp%2Fv2%2Ftags&post=6395"}],"curies":[{"name":"wp","href":"https:\/\/api.w.org\/{rel}","templated":true}]}}