{"id":6655,"date":"2018-09-26T14:04:22","date_gmt":"2018-09-26T13:04:22","guid":{"rendered":"http:\/\/www.ukctuzla.ba\/ukctuzla\/?p=6655"},"modified":"2018-09-28T14:05:26","modified_gmt":"2018-09-28T13:05:26","slug":"na-konferenciji-za-medije-najavljen-7-kongres-fizikalne-i-rehabilitacijske-medicine-bih-sa-medjunarodnim-ucescem","status":"publish","type":"post","link":"https:\/\/www.ukctuzla.ba\/ukctuzla\/?p=6655&lang=bs","title":{"rendered":"Na konferenciji za medije najavljen 7. Kongres  fizikalne i rehabilitacijske medicine BiH sa me\u0111unarodnim u\u010de\u0161\u0107em"},"content":{"rendered":"<p style=\"text-align: justify;\">Udru\u017eenje fizijatara Federacije Bosne i Hercegovine i Udru\u017eenje fizijatara Republike Srpske organizuju 7. Kongres fizikalne i rehabilitacijske medicine Bosne i Hercegovine sa me\u0111unarodnim u\u010de\u0161\u0107em. Kongres \u0107e se odr\u017eati u Tuzli, u Hotelu Mellain, u periodu od 27. do 30. septembra 2018. godine. Tim povodom, danas je odr\u017eana konferencija za medije na kojoj su se obratili predsjednik organizacionog odbora kongresa prof. dr. med.sc. Mirsad Mufti\u0107, predsjednik lokalnog organizacionog odbora prim. dr. Emir Halilbegovi\u0107 i \u010dlan nau\u010dnog odbora doc. dr. Maida Zoni\u0107 Imamovi\u0107.<\/p>\n<p style=\"text-align: justify;\">Kako je najavljeno ovom prilikom, kongres \u0107e biti prilika da ljekari fizikalne i rehabilitacijske medicine, ali i ljekari drugih specijalnosti obogate i osvje\u017ee svoja znanja, razmijene iskustva i pro\u0161ire viziju o mogu\u0107nostima primjene novih pristupa u lije\u010denju i rehabilitaciji.<br \/>\nProf. dr. Mufti\u0107 u svom obra\u0107anju je istakao da \u0107e akcenat biti na multidisciplinarnom pristupu u rehabilitaciji, te da \u0107e se donijeti smjernice za fizioterapijsku procjenu i tretman, ali i uraditi evaluacija kvaliteta i zadovoljstva uslugama rehabilitacije pacijenata.<br \/>\nNa\u010delnik Klinike za fizikalnu medicinu i rehabilitaciju UKC Tuzla i predsjednik lokalnog organizacionog odbora, prim. dr. Emir Halilbegovi\u0107 izrazio je zadovoljstvo \u0161to se 7. Kongres fizikalne i rehabilitacijske medicine Bosne i Hercegovine sa me\u0111unarodnim u\u010de\u0161\u0107em odr\u017eava u Tuzli, te istakao da \u0107e pored presti\u017enog zna\u010daja u unapre\u0111enju fizikalne i rehabilitacijske medicine u BiH kongres doprinijeti i uspostavljanju, ali i nastavku saradnje na me\u0111unarodnom nivou.<br \/>\nTeme kongresa su: Rehabilitacija muskuloskeletnih bolesti i povreda, Neurolo\u0161ka rehabilitacija, Pedijatrijska rehabilitacija i Balneoterapija.<br \/>\nO\u010dekivani broj u\u010desnika je 200 uz u\u010de\u0161\u0107e 20 sponzora.<br \/>\nNajavljeno je 100 usmenih i poster prezentacija i 27 plenarnih predava\u010da. Prema rije\u010dima doc. dr. Maide Zoni\u0107 Imamovi\u0107, predava\u010di dolaze iz Francuske, Italije, Turske, Amerike, kao i iz zemalja regiona i BiH. Kako je istakla doc. dr. Imamovi\u0107, svi radovi koji \u0107e biti prezentovani tokom kongresa bit \u0107e objavljeni u Acta Medica Saliniana medicinskom \u010dasopisu Univerzitetskog klini\u010dkog centra Tuzla, koji je indeksiran u najpoznatijim bibliografskim bazama podataka.<\/p>\n","protected":false},"excerpt":{"rendered":"<p>Udru\u017eenje fizijatara Federacije Bosne i Hercegovine i Udru\u017eenje fizijatara Republike Srpske organizuju 7. Kongres fizikalne i rehabilitacijske medicine Bosne i Hercegovine sa me\u0111unarodnim u\u010de\u0161\u0107em. Kongres \u0107e se odr\u017eati u Tuzli, u Hotelu Mellain, u periodu od 27. do 30. septembra 2018. godine. Tim povodom, danas je odr\u017eana konferencija za medije na kojoj su se obratili&hellip;<\/p>\n","protected":false},"author":2,"featured_media":16294,"comment_status":"closed","ping_status":"open","sticky":false,"template":"","format":"standard","meta":{"footnotes":""},"categories":[11],"tags":[],"class_list":["post-6655","post","type-post","status-publish","format-standard","has-post-thumbnail","hentry","category-vijesti","category-11","description-off"],"_links":{"self":[{"href":"https:\/\/www.ukctuzla.ba\/ukctuzla\/index.php?rest_route=\/wp\/v2\/posts\/6655","targetHints":{"allow":["GET"]}}],"collection":[{"href":"https:\/\/www.ukctuzla.ba\/ukctuzla\/index.php?rest_route=\/wp\/v2\/posts"}],"about":[{"href":"https:\/\/www.ukctuzla.ba\/ukctuzla\/index.php?rest_route=\/wp\/v2\/types\/post"}],"author":[{"embeddable":true,"href":"https:\/\/www.ukctuzla.ba\/ukctuzla\/index.php?rest_route=\/wp\/v2\/users\/2"}],"replies":[{"embeddable":true,"href":"https:\/\/www.ukctuzla.ba\/ukctuzla\/index.php?rest_route=%2Fwp%2Fv2%2Fcomments&post=6655"}],"version-history":[{"count":2,"href":"https:\/\/www.ukctuzla.ba\/ukctuzla\/index.php?rest_route=\/wp\/v2\/posts\/6655\/revisions"}],"predecessor-version":[{"id":6679,"href":"https:\/\/www.ukctuzla.ba\/ukctuzla\/index.php?rest_route=\/wp\/v2\/posts\/6655\/revisions\/6679"}],"wp:featuredmedia":[{"embeddable":true,"href":"https:\/\/www.ukctuzla.ba\/ukctuzla\/index.php?rest_route=\/wp\/v2\/media\/16294"}],"wp:attachment":[{"href":"https:\/\/www.ukctuzla.ba\/ukctuzla\/index.php?rest_route=%2Fwp%2Fv2%2Fmedia&parent=6655"}],"wp:term":[{"taxonomy":"category","embeddable":true,"href":"https:\/\/www.ukctuzla.ba\/ukctuzla\/index.php?rest_route=%2Fwp%2Fv2%2Fcategories&post=6655"},{"taxonomy":"post_tag","embeddable":true,"href":"https:\/\/www.ukctuzla.ba\/ukctuzla\/index.php?rest_route=%2Fwp%2Fv2%2Ftags&post=6655"}],"curies":[{"name":"wp","href":"https:\/\/api.w.org\/{rel}","templated":true}]}}