{"id":6672,"date":"2018-09-28T13:56:25","date_gmt":"2018-09-28T12:56:25","guid":{"rendered":"http:\/\/www.ukctuzla.ba\/ukctuzla\/?p=6672"},"modified":"2018-09-28T13:59:18","modified_gmt":"2018-09-28T12:59:18","slug":"u-toku-prvi-dan-kongresa-fizikalne-i-rehabilitacijske-medicine-bih","status":"publish","type":"post","link":"https:\/\/www.ukctuzla.ba\/ukctuzla\/?p=6672&lang=bs","title":{"rendered":"U toku prvi dan Kongresa  fizikalne i rehabilitacijske medicine BiH"},"content":{"rendered":"<p style=\"text-align: justify;\"><a href=\"https:\/\/www.ukctuzla.ba\/ukctuzla\/wp-content\/uploads\/2018\/09\/KOngres-Fizikalna-32.jpg\"><img loading=\"lazy\" decoding=\"async\" class=\"size-medium wp-image-6674 alignright\" src=\"https:\/\/www.ukctuzla.ba\/ukctuzla\/wp-content\/uploads\/2018\/09\/KOngres-Fizikalna-32-300x200.jpg\" alt=\"\" width=\"300\" height=\"200\" \/><\/a>Sve\u010danom ceremonijom, u Hotelu Mellain u Tuzli, sino\u0107 je otvoren 7. Kongres fizikalne i rehabilitacijske medicine Bosne i Hercegovine sa me\u0111unarodnim u\u010de\u0161\u0107em. Prisutne goste je pozdravio prof. dr. Mirsad Mufti\u0107, predsjednik Udru\u017eenja fizijatara Federacije Bosne i Hercegovine i predsjednik organizacionog odbora kongresa koji je najavio da \u0107e na kongresu biti predstavljeno 27 plenarnih predavanja, 25 usmenih prezentacija i 48 poster prezentacija. Prema njegovim rije\u010dima, prisustvo na kongresu je prijavilo 185 ljekara iz Bosne i Hercegovine, Srbije, Hrvatske, Crne Gore, Makedonije, Slovenije, Italije, Francuske i SAD-a.<\/p>\n<p style=\"text-align: justify;\">Prof. dr. Mufti\u0107 je istakao da je cilj organizatora ja\u010danje regionalne saradnje izme\u0111u Udru\u017eenja, te njihovo zajedni\u010dko u\u010de\u0161\u0107e na Evropskom Kongresu za fizikalnu medicinu i rehablitaciju koji je planiran za 2020 godinu.<br \/>\nPored prof. dr. Mufti\u0107a, na sve\u010danoj ceremoniji otvaranja kongresa govorili su: predsjednik Upravnog odbora Udru\u017eenja fizijatara Republike Srpske doc. dr. Tatjana No\u017eica Radulovi\u0107, predsjednik Udru\u017eenja fizijatara Republike Srbije prof.dr. Milica Lazovi\u0107 i pomo\u0107nik direktora za medicinske poslove UKC Tuzla prof. dr. Fahrija Skoki\u0107, a kongres zvani\u010dno otvorenim proglasio je ministar zdravstva u Vladi TK, dr. Bahrudin Had\u017eiefendi\u0107.<\/p>\n<p>Tokom prvog dana kongresa predstavljene su teme iz oblasti Pedijatrijske rehabilitacije. Odr\u017eane su \u010detiri sesije, na kojima je odr\u017eano deset plenarnih predavanja, osam usmenih prezentacija i tri sponzorska predavanja.<br \/>\n7. Kongres fizikalne i rehabilitacijske medicine odr\u017eava se u prelijepom ambijentu Hotela Mellain u sklopu kojeg se nalazi i Lje\u010dili\u0161te Aqua Bristol, me\u0111u tuzlacima poznato kao Tuzlanska Slana Banja, koje je sa\u010duvalo vijekovima staru tradiciju lije\u010denja slanom vodom.<\/p>\n<p>&nbsp;<\/p>\n","protected":false},"excerpt":{"rendered":"<p>Sve\u010danom ceremonijom, u Hotelu Mellain u Tuzli, sino\u0107 je otvoren 7. Kongres fizikalne i rehabilitacijske medicine Bosne i Hercegovine sa me\u0111unarodnim u\u010de\u0161\u0107em. Prisutne goste je pozdravio prof. dr. Mirsad Mufti\u0107, predsjednik Udru\u017eenja fizijatara Federacije Bosne i Hercegovine i predsjednik organizacionog odbora kongresa koji je najavio da \u0107e na kongresu biti predstavljeno 27 plenarnih predavanja, 25&hellip;<\/p>\n","protected":false},"author":2,"featured_media":16294,"comment_status":"closed","ping_status":"open","sticky":false,"template":"","format":"standard","meta":{"footnotes":""},"categories":[11],"tags":[],"class_list":["post-6672","post","type-post","status-publish","format-standard","has-post-thumbnail","hentry","category-vijesti","category-11","description-off"],"_links":{"self":[{"href":"https:\/\/www.ukctuzla.ba\/ukctuzla\/index.php?rest_route=\/wp\/v2\/posts\/6672","targetHints":{"allow":["GET"]}}],"collection":[{"href":"https:\/\/www.ukctuzla.ba\/ukctuzla\/index.php?rest_route=\/wp\/v2\/posts"}],"about":[{"href":"https:\/\/www.ukctuzla.ba\/ukctuzla\/index.php?rest_route=\/wp\/v2\/types\/post"}],"author":[{"embeddable":true,"href":"https:\/\/www.ukctuzla.ba\/ukctuzla\/index.php?rest_route=\/wp\/v2\/users\/2"}],"replies":[{"embeddable":true,"href":"https:\/\/www.ukctuzla.ba\/ukctuzla\/index.php?rest_route=%2Fwp%2Fv2%2Fcomments&post=6672"}],"version-history":[{"count":4,"href":"https:\/\/www.ukctuzla.ba\/ukctuzla\/index.php?rest_route=\/wp\/v2\/posts\/6672\/revisions"}],"predecessor-version":[{"id":6678,"href":"https:\/\/www.ukctuzla.ba\/ukctuzla\/index.php?rest_route=\/wp\/v2\/posts\/6672\/revisions\/6678"}],"wp:featuredmedia":[{"embeddable":true,"href":"https:\/\/www.ukctuzla.ba\/ukctuzla\/index.php?rest_route=\/wp\/v2\/media\/16294"}],"wp:attachment":[{"href":"https:\/\/www.ukctuzla.ba\/ukctuzla\/index.php?rest_route=%2Fwp%2Fv2%2Fmedia&parent=6672"}],"wp:term":[{"taxonomy":"category","embeddable":true,"href":"https:\/\/www.ukctuzla.ba\/ukctuzla\/index.php?rest_route=%2Fwp%2Fv2%2Fcategories&post=6672"},{"taxonomy":"post_tag","embeddable":true,"href":"https:\/\/www.ukctuzla.ba\/ukctuzla\/index.php?rest_route=%2Fwp%2Fv2%2Ftags&post=6672"}],"curies":[{"name":"wp","href":"https:\/\/api.w.org\/{rel}","templated":true}]}}