{"id":6892,"date":"2018-11-16T13:18:16","date_gmt":"2018-11-16T12:18:16","guid":{"rendered":"http:\/\/www.ukctuzla.ba\/ukctuzla\/?p=6892"},"modified":"2018-11-21T13:32:19","modified_gmt":"2018-11-21T12:32:19","slug":"sedmi-simpozij-plucne-bolesti","status":"publish","type":"post","link":"https:\/\/www.ukctuzla.ba\/ukctuzla\/?p=6892&lang=bs","title":{"rendered":"Sedmi simpozij Plu\u0107ne bolesti"},"content":{"rendered":"<p><a href=\"https:\/\/www.ukctuzla.ba\/ukctuzla\/wp-content\/uploads\/2018\/11\/7-Simpozij-Plucno-zdravlje-316112018.jpg\"><img loading=\"lazy\" decoding=\"async\" class=\"size-medium wp-image-6894 alignright\" src=\"https:\/\/www.ukctuzla.ba\/ukctuzla\/wp-content\/uploads\/2018\/11\/7-Simpozij-Plucno-zdravlje-316112018-300x200.jpg\" alt=\"\" width=\"300\" height=\"200\" \/><\/a>U prisustvu velikog broja zvanica, danas je u Hotelu Tuzla u Tuzli otvoren Sedmi simpozij \u201ePlu\u0107ne bolesti\u201c sa me\u0111unarodnim u\u010de\u0161\u0107em. Organizator simpozija je Klinika za plu\u0107ne bolesti UKC Tuzla, uz podr\u0161ku Udru\u017eenja za respiratornu medicinu, Ljekarske komore TK i Komore zdravstvenih tehni\u010dara TK.<\/p>\n<p style=\"text-align: justify;\">Tokom sve\u010dane ceremonije otvaranja simpozija, prisutnim gostima se obratio na\u010delnik Klinike za plu\u0107ne bolesti, doc. dr. Suvad Dedi\u0107 koji je u ime organizacijonog odbora simpozija izrazio zahvalnost menad\u017ementu i Upravnom odboru UKC Tuzla za podr\u0161ku u edukaciji i razmjeni nau\u010dnog i stru\u010dnog iskustva. On je istakao da \u0107e tokom Sedmog simpozija Plu\u0107ne bolesti biti odr\u017eano pet sesija na kojima \u0107e biti predstavljene vrlo aktuelne teme iz oblasti hroni\u010dne opstruktivne plu\u0107ne bolesti, toraklane onkologije, plu\u0107nih oboljenja i nespecifi\u010dnih i specifi\u010dnih upalnih bolesti plu\u0107a.<\/p>\n<p>\u201eKada su u pitanju respiratorne bolesti na podru\u010dju Tuzlanskog kantona bilje\u017ei se porast hroni\u010dne opstruktivne bolesti, astme i upale gornjih disajnih puteva. Na sre\u0107u, tuberkuloza je u padu od 2009. godine pa do danas. Incidenca je svedena na broj od 40 pacijenata u toku jedne godine\u201c, rekao je dr. Dedi\u0107 i naglasio da zaga\u0111en zrak svakako ima veliki udio u nastanku pomenutih oboljenja.<\/p>\n<p>Prisutnima su se obratile i prof. dr. Zumreta Ku\u0161ljugi\u0107, pomo\u0107nik direktora za nau\u010dnoistra\u017eiva\u010dki rad UKC Tuzla i predsjednica Upravnog odbora UKC Tuzla, doc. dr. Munevera Be\u0107arevi\u0107.<\/p>\n<p style=\"text-align: justify;\">Doc. dr. Be\u0107arevi\u0107 je i jedan od predava\u010da dana\u0161njeg simpozija i prema njenim rije\u010dima ovakvi skupovi imaju zna\u010daj jer pru\u017eaju priliku za razmjenu iskustava i novih informacija izme\u0111u primarne, sekundarne i tercijarne zdravstvene za\u0161tite, ali i priliku za uspostavljanje prijateljskih i nau\u010dno stru\u010dnih kontakata.<\/p>\n<p>Ministar zdravstva TK, dr. Bahrudin Had\u017eiefendi\u0107u u svom obra\u0107anju je istakao da \u017eeli odati priznanje uposlenicima Klinike za plu\u0107ne bolesti UKC Tuzla i svim pulmolozima koji svake godine dr\u017ee kontinuitet dobrih predavanja, edukacija i savjetovanja s kojih veliki broj pulmologa odlazi zadovoljan.<\/p>\n<p style=\"text-align: justify;\">Sedmi simpozij Plu\u0107ne bolesti otvorio je premijer Tuzlanskog kantona, Jakub Suljkanovi\u0107 koji je rekao da Vlada TK kao osniva\u010d UKC Tuzla posebnu pa\u017enju posve\u0107uje njegovom razvoju, kako u kadrovskom, nau\u010dnom, tako i u materijalno tehni\u010dkom smislu, te da se nada \u0107e ta podr\u0161ka biti nastavljena i u narednom periodu jer je Univerzitetski klini\u010dki centar Tuzla jedan od brendova Tuzlanskog kantona.<\/p>\n<p style=\"text-align: justify;\"><a href=\"https:\/\/www.ukctuzla.ba\/ukctuzla\/wp-content\/uploads\/2018\/11\/Plucno-Sestrinska-sesija-119112018.jpg\"><img loading=\"lazy\" decoding=\"async\" class=\"size-medium wp-image-6918 alignright\" src=\"https:\/\/www.ukctuzla.ba\/ukctuzla\/wp-content\/uploads\/2018\/11\/Plucno-Sestrinska-sesija-119112018-300x200.jpg\" alt=\"\" width=\"300\" height=\"200\" \/><\/a>U okviru Sedmog simpozija \u201ePlu\u0107ne bolesti\u201c odr\u017eana je i promocija knjige \u201eOpstrukcijske bolesti disajnih organa\u201c, autora doc. dr. Suvada Dedi\u0107a i doc. dr. \u0160efike Umihani\u0107. Promotori na promociji su bili: prof.dr. Zumreta Ku\u0161ljugi\u0107, prof. dr. Mirko Staneti\u0107, prof. dr. Hasan \u017duti\u0107 i prof.dr. Sead Jamakosmanovi\u0107.<\/p>\n<p style=\"text-align: justify;\">Tako\u0111er, u toku Sedmog simpozija \u201ePlu\u0107ne bolesti\u201c sa me\u0111unarodnim u\u010de\u0161\u0107em odr\u017eana je i sesija medicinskih sestara i tehni\u010dara na kojoj je predstavljeno dvadeset tema iz oblasti respiratornih oboljenja, komunikacije u zdravstvu i potro\u0161nje antibiotika u UKC Tuzla.<\/p>\n","protected":false},"excerpt":{"rendered":"<p>U prisustvu velikog broja zvanica, danas je u Hotelu Tuzla u Tuzli otvoren Sedmi simpozij \u201ePlu\u0107ne bolesti\u201c sa me\u0111unarodnim u\u010de\u0161\u0107em. Organizator simpozija je Klinika za plu\u0107ne bolesti UKC Tuzla, uz podr\u0161ku Udru\u017eenja za respiratornu medicinu, Ljekarske komore TK i Komore zdravstvenih tehni\u010dara TK. Tokom sve\u010dane ceremonije otvaranja simpozija, prisutnim gostima se obratio na\u010delnik Klinike za&hellip;<\/p>\n","protected":false},"author":2,"featured_media":16294,"comment_status":"closed","ping_status":"open","sticky":false,"template":"","format":"standard","meta":{"footnotes":""},"categories":[11],"tags":[],"class_list":["post-6892","post","type-post","status-publish","format-standard","has-post-thumbnail","hentry","category-vijesti","category-11","description-off"],"_links":{"self":[{"href":"https:\/\/www.ukctuzla.ba\/ukctuzla\/index.php?rest_route=\/wp\/v2\/posts\/6892","targetHints":{"allow":["GET"]}}],"collection":[{"href":"https:\/\/www.ukctuzla.ba\/ukctuzla\/index.php?rest_route=\/wp\/v2\/posts"}],"about":[{"href":"https:\/\/www.ukctuzla.ba\/ukctuzla\/index.php?rest_route=\/wp\/v2\/types\/post"}],"author":[{"embeddable":true,"href":"https:\/\/www.ukctuzla.ba\/ukctuzla\/index.php?rest_route=\/wp\/v2\/users\/2"}],"replies":[{"embeddable":true,"href":"https:\/\/www.ukctuzla.ba\/ukctuzla\/index.php?rest_route=%2Fwp%2Fv2%2Fcomments&post=6892"}],"version-history":[{"count":6,"href":"https:\/\/www.ukctuzla.ba\/ukctuzla\/index.php?rest_route=\/wp\/v2\/posts\/6892\/revisions"}],"predecessor-version":[{"id":6923,"href":"https:\/\/www.ukctuzla.ba\/ukctuzla\/index.php?rest_route=\/wp\/v2\/posts\/6892\/revisions\/6923"}],"wp:featuredmedia":[{"embeddable":true,"href":"https:\/\/www.ukctuzla.ba\/ukctuzla\/index.php?rest_route=\/wp\/v2\/media\/16294"}],"wp:attachment":[{"href":"https:\/\/www.ukctuzla.ba\/ukctuzla\/index.php?rest_route=%2Fwp%2Fv2%2Fmedia&parent=6892"}],"wp:term":[{"taxonomy":"category","embeddable":true,"href":"https:\/\/www.ukctuzla.ba\/ukctuzla\/index.php?rest_route=%2Fwp%2Fv2%2Fcategories&post=6892"},{"taxonomy":"post_tag","embeddable":true,"href":"https:\/\/www.ukctuzla.ba\/ukctuzla\/index.php?rest_route=%2Fwp%2Fv2%2Ftags&post=6892"}],"curies":[{"name":"wp","href":"https:\/\/api.w.org\/{rel}","templated":true}]}}