{"id":6935,"date":"2018-11-22T15:26:00","date_gmt":"2018-11-22T14:26:00","guid":{"rendered":"http:\/\/www.ukctuzla.ba\/ukctuzla\/?p=6935"},"modified":"2018-11-22T15:41:19","modified_gmt":"2018-11-22T14:41:19","slug":"na-konferenciji-za-novinare-najavljena-skola-ultrazvuka-u-ginekologiji-i-perinatologiji","status":"publish","type":"post","link":"https:\/\/www.ukctuzla.ba\/ukctuzla\/?p=6935&lang=bs","title":{"rendered":"Na konferenciji za novinare najavljena \u0160kola ultrazvuka u ginekologiji i perinatologiji"},"content":{"rendered":"<p style=\"text-align: justify;\">U organizaciji Udru\u017eenja ginekologa i perinatologa TK, Klinike za ginekologiju i aku\u0161erstvo UKC Tuzla i Ljekarske komora TK, u Tuzli, od 23. do 24. novembra 2018. godine odr\u017eat \u0107e \u0160kola ultrazvuka u ginekologiji i perinatologiji. Tim povodom danas je na Klinici za ginekologiju i aku\u0161erstvo UKC Tuzla odr\u017eana konferencija za novinare na kojoj su se obratili prof. dr. D\u017eenita Ljuca, na\u010delnica Klinike za ginekologiju i aku\u0161erstvo UKC Tuzla i predsjednica Udru\u017eenja ginekologa i perinatologa TK i prof. dr. Zlatan Fatu\u0161i\u0107, \u0161ef Odjeljenja ginekologije sa poluintenzivnom njegom i \u010dlan predsjedni\u0161tva Udru\u017eenja ginekologa i perinatologa TK.<\/p>\n<p style=\"text-align: justify;\">Tokom svog obra\u0107anja novinarima prof. dr. D\u017eenita Ljuca je istakla da \u0160kola ultrazvuka u ginekologiji i perinatologiji predstavlja ozbiljan dvodnevni edukativni projekat koji podrazumijeva intenzivan cjelodnevni program od 9 do 20 sati za u\u010desnike iz \u010ditave FBiH, koji \u0107e imati priliku slu\u0161ati predavanja stru\u010dnjaka iz razli\u010ditih oblasti ginekologije i perinatologije, te pod mentorstvom edukatora aktivno u\u010destvovati na pa\u017eljivo odabranim klini\u010dkim slu\u010dajevima. \u201cDovoljno je re\u0107i da \u0107e u dva dana 22 eminentna stru\u010dnjaka iznijeti savremena dostignu\u0107a iz oblasti ultrazvu\u010dne dijagnostike. Polaznici \u0107e prvo poha\u0111ati teorijski dio koji \u0107e odr\u017eati 13 predava\u010da, nakon \u010dega \u0107e pristupiti prakti\u010dnom dijelu \u0161kole gdje \u0107e jo\u0161 15 edukatora-mentora napraviti ultrazvu\u010dnu dijagnostiku impozantnog broja od 80 pacijenata. Svi ljekari u\u010desnici \u0107e imati priliku da usvajaju znanja na konkretnim klini\u010dkim stanjima. Ovakvu cjeloobuhvatnu vrstu edukacije mogu pru\u017eiti samo veliki klini\u010dki centri u svijetu\u201d, istakla je prof. dr. D\u017eenita Ljuca.<\/p>\n<p>Prof. dr. Zlatan Fatu\u0161i\u0107 je predstavio program \u0161kole i istakao da \u0107e u\u010desnici pro\u0107i obuku iz ultrazvu\u010dne dijagnostike u trudno\u0107i, te da \u0107e raditi ultrazvu\u010dne markere hromozomskih aberacija, ultrazvu\u010dne preglede u reproduktivnoj medicini i ultrazvu\u010dne preglede fetalnog mozga i srca.<br \/>\nZa poha\u0111anje \u0160kole ultrazvuka u ginekologiji i perinatologiji prijavljena su 34 u\u010desnika.<\/p>\n","protected":false},"excerpt":{"rendered":"<p>U organizaciji Udru\u017eenja ginekologa i perinatologa TK, Klinike za ginekologiju i aku\u0161erstvo UKC Tuzla i Ljekarske komora TK, u Tuzli, od 23. do 24. novembra 2018. godine odr\u017eat \u0107e \u0160kola ultrazvuka u ginekologiji i perinatologiji. Tim povodom danas je na Klinici za ginekologiju i aku\u0161erstvo UKC Tuzla odr\u017eana konferencija za novinare na kojoj su se&hellip;<\/p>\n","protected":false},"author":2,"featured_media":16294,"comment_status":"closed","ping_status":"open","sticky":false,"template":"","format":"standard","meta":{"footnotes":""},"categories":[11],"tags":[],"class_list":["post-6935","post","type-post","status-publish","format-standard","has-post-thumbnail","hentry","category-vijesti","category-11","description-off"],"_links":{"self":[{"href":"https:\/\/www.ukctuzla.ba\/ukctuzla\/index.php?rest_route=\/wp\/v2\/posts\/6935","targetHints":{"allow":["GET"]}}],"collection":[{"href":"https:\/\/www.ukctuzla.ba\/ukctuzla\/index.php?rest_route=\/wp\/v2\/posts"}],"about":[{"href":"https:\/\/www.ukctuzla.ba\/ukctuzla\/index.php?rest_route=\/wp\/v2\/types\/post"}],"author":[{"embeddable":true,"href":"https:\/\/www.ukctuzla.ba\/ukctuzla\/index.php?rest_route=\/wp\/v2\/users\/2"}],"replies":[{"embeddable":true,"href":"https:\/\/www.ukctuzla.ba\/ukctuzla\/index.php?rest_route=%2Fwp%2Fv2%2Fcomments&post=6935"}],"version-history":[{"count":2,"href":"https:\/\/www.ukctuzla.ba\/ukctuzla\/index.php?rest_route=\/wp\/v2\/posts\/6935\/revisions"}],"predecessor-version":[{"id":6938,"href":"https:\/\/www.ukctuzla.ba\/ukctuzla\/index.php?rest_route=\/wp\/v2\/posts\/6935\/revisions\/6938"}],"wp:featuredmedia":[{"embeddable":true,"href":"https:\/\/www.ukctuzla.ba\/ukctuzla\/index.php?rest_route=\/wp\/v2\/media\/16294"}],"wp:attachment":[{"href":"https:\/\/www.ukctuzla.ba\/ukctuzla\/index.php?rest_route=%2Fwp%2Fv2%2Fmedia&parent=6935"}],"wp:term":[{"taxonomy":"category","embeddable":true,"href":"https:\/\/www.ukctuzla.ba\/ukctuzla\/index.php?rest_route=%2Fwp%2Fv2%2Fcategories&post=6935"},{"taxonomy":"post_tag","embeddable":true,"href":"https:\/\/www.ukctuzla.ba\/ukctuzla\/index.php?rest_route=%2Fwp%2Fv2%2Ftags&post=6935"}],"curies":[{"name":"wp","href":"https:\/\/api.w.org\/{rel}","templated":true}]}}