{"id":7024,"date":"2018-12-12T15:07:14","date_gmt":"2018-12-12T14:07:14","guid":{"rendered":"http:\/\/www.ukctuzla.ba\/ukctuzla\/?p=7024"},"modified":"2018-12-12T15:07:14","modified_gmt":"2018-12-12T14:07:14","slug":"univerzitetski-klinicki-centar-tuzla-i-klinicki-centar-crne-gore-intenzivirat-ce-saradnju","status":"publish","type":"post","link":"https:\/\/www.ukctuzla.ba\/ukctuzla\/?p=7024&lang=bs","title":{"rendered":"Univerzitetski klini\u010dki centar Tuzla i Klini\u010dki centar Crne Gore intenzivirat \u0107e saradnju"},"content":{"rendered":"<p style=\"text-align: justify;\"><a href=\"https:\/\/www.ukctuzla.ba\/ukctuzla\/wp-content\/uploads\/2018\/12\/Posjeta-delegacije-KC-Crne-Gore-25121218.jpg\"><img loading=\"lazy\" decoding=\"async\" class=\"size-medium wp-image-7026 alignright\" src=\"https:\/\/www.ukctuzla.ba\/ukctuzla\/wp-content\/uploads\/2018\/12\/Posjeta-delegacije-KC-Crne-Gore-25121218-300x200.jpg\" alt=\"\" width=\"300\" height=\"200\" \/><\/a>U posjeti Univerzitetskom klini\u010dkom centru Tuzla boravili su direktor Klini\u010dkog centra Crne Gore, dr. Jevto Erakovi\u0107 i njegov savjetnik prof. dr. Vaso Antunovi\u0107. Goste je primio direktor UKC Tuzla, prof. dr. Ne\u0161ad Hoti\u0107 sa svojim najbli\u017eim saradnicima. Sastanku je prisustvovao i ministar zdarvstva TK, dr. Bahrudin Had\u017eiefendi\u0107, a razgovaralo se o nastavku saradnje izme\u0111u ove dvije ustanove. Univerzitetski klini\u010dki centar Tuzla i Klini\u010dki centar Crne Gore, od maja mjeseca 2018. godine, potpisnici su me\u0111usobnog sporazuma o saradnji na nivou unapre\u0111enja medicinske njege i pobolj\u0161anja kvaliteta u pru\u017eanju zdravstvenih usluga.<br \/>\nIzraziv\u0161i zadovoljstvo zbog nastavka saradnje i iskazanog zanimanja za UKC Tuzla, direktor, prof. dr. Ne\u0161ad Hoti\u0107 goste je upoznao sa organizacionom strukturom, mogu\u0107nostima i najzna\u010dajnijim projektima koji se provode u Univerzitetskom klini\u010dkom centru Tuzla. Tako\u0111er, direktor Hoti\u0107 je naglasio da su izme\u0111u Univerzitetskog klini\u010dkog centra Tuzla i Klini\u010dkog centra Crne Gore ve\u0107 definisani ciljevi u okviru kojih \u0107e se realizirati saradnja, kao i rokovi za njihovo postizanje.<br \/>\nDirektor Klini\u010dkog centra Crne Gore, dr. Jevto Erakovi\u0107 je istakao da Univerzitetski klini\u010dki centar Tuzla prevazilazi napredak bilo kojeg drugog klini\u010dkog centra u regionu te da je to razlog zbog kojeg \u017eele saradnju sa ovim centrom kako bi predstavljene projekte implementirali i u Crnoj Gori. Veliko interesovanje gosti su pokazali i za proces vanjske ocjene i dodjele akreditacije i certifikacije Univerzitetskom klini\u010dkom centru Tuzla, koju je sprovela Agencija za kvalitet i akreditaciju u zdravstvu u Federaciji Bosne i Hercegovine.<br \/>\nMinistar zdravstva TK, dr. Bahrudin Had\u017eiefendi\u0107 je istakao da \u0107e Ministarstvo zdravstva i u narednom periodu pru\u017eati punu podr\u0161ku ja\u010danju prekograni\u010dnih projekata i saradnje u cilju unapre\u0111enja zdravstvenog sistema Tuzlanskog kantona.<\/p>\n","protected":false},"excerpt":{"rendered":"<p>U posjeti Univerzitetskom klini\u010dkom centru Tuzla boravili su direktor Klini\u010dkog centra Crne Gore, dr. Jevto Erakovi\u0107 i njegov savjetnik prof. dr. Vaso Antunovi\u0107. Goste je primio direktor UKC Tuzla, prof. dr. Ne\u0161ad Hoti\u0107 sa svojim najbli\u017eim saradnicima. Sastanku je prisustvovao i ministar zdarvstva TK, dr. Bahrudin Had\u017eiefendi\u0107, a razgovaralo se o nastavku saradnje izme\u0111u ove&hellip;<\/p>\n","protected":false},"author":2,"featured_media":16294,"comment_status":"closed","ping_status":"open","sticky":false,"template":"","format":"standard","meta":{"footnotes":""},"categories":[11],"tags":[],"class_list":["post-7024","post","type-post","status-publish","format-standard","has-post-thumbnail","hentry","category-vijesti","category-11","description-off"],"_links":{"self":[{"href":"https:\/\/www.ukctuzla.ba\/ukctuzla\/index.php?rest_route=\/wp\/v2\/posts\/7024","targetHints":{"allow":["GET"]}}],"collection":[{"href":"https:\/\/www.ukctuzla.ba\/ukctuzla\/index.php?rest_route=\/wp\/v2\/posts"}],"about":[{"href":"https:\/\/www.ukctuzla.ba\/ukctuzla\/index.php?rest_route=\/wp\/v2\/types\/post"}],"author":[{"embeddable":true,"href":"https:\/\/www.ukctuzla.ba\/ukctuzla\/index.php?rest_route=\/wp\/v2\/users\/2"}],"replies":[{"embeddable":true,"href":"https:\/\/www.ukctuzla.ba\/ukctuzla\/index.php?rest_route=%2Fwp%2Fv2%2Fcomments&post=7024"}],"version-history":[{"count":1,"href":"https:\/\/www.ukctuzla.ba\/ukctuzla\/index.php?rest_route=\/wp\/v2\/posts\/7024\/revisions"}],"predecessor-version":[{"id":7027,"href":"https:\/\/www.ukctuzla.ba\/ukctuzla\/index.php?rest_route=\/wp\/v2\/posts\/7024\/revisions\/7027"}],"wp:featuredmedia":[{"embeddable":true,"href":"https:\/\/www.ukctuzla.ba\/ukctuzla\/index.php?rest_route=\/wp\/v2\/media\/16294"}],"wp:attachment":[{"href":"https:\/\/www.ukctuzla.ba\/ukctuzla\/index.php?rest_route=%2Fwp%2Fv2%2Fmedia&parent=7024"}],"wp:term":[{"taxonomy":"category","embeddable":true,"href":"https:\/\/www.ukctuzla.ba\/ukctuzla\/index.php?rest_route=%2Fwp%2Fv2%2Fcategories&post=7024"},{"taxonomy":"post_tag","embeddable":true,"href":"https:\/\/www.ukctuzla.ba\/ukctuzla\/index.php?rest_route=%2Fwp%2Fv2%2Ftags&post=7024"}],"curies":[{"name":"wp","href":"https:\/\/api.w.org\/{rel}","templated":true}]}}