{"id":7128,"date":"2019-01-17T15:08:42","date_gmt":"2019-01-17T14:08:42","guid":{"rendered":"http:\/\/www.ukctuzla.ba\/ukctuzla\/?p=7128"},"modified":"2019-01-17T15:09:55","modified_gmt":"2019-01-17T14:09:55","slug":"konferencija-za-novinare-u-povodu-evropske-sedmice-prevencije-raka-grlica-materice","status":"publish","type":"post","link":"https:\/\/www.ukctuzla.ba\/ukctuzla\/?p=7128&lang=bs","title":{"rendered":"Konferencija za novinare u povodu Evropske sedmice prevencije raka grli\u0107a materice"},"content":{"rendered":"<p style=\"text-align: justify;\">U povodu obilje\u017eavanja Evropske sedmice prevencije raka grli\u0107a materice, koja se obilje\u017eava svake godine krajem mjeseca januara, Klinika za ginekologiju i aku\u0161erstvo UKC Tuzla organizovala je konferenciju za novinare, na kojoj su predstavljene aktivnosti koje ova klinika planira sprovesti u cilju informisanja javnosti o mogu\u0107nostima i va\u017enosti prevencije raka grli\u0107a materice.<\/p>\n<p style=\"text-align: justify;\">Prema rije\u010dima prof. dr. D\u017eenite Ljuce, na\u010delnice Klinike za ginekologiju i aku\u0161erstvo UKC Tuzla, humanitarna akcija \u201cStop raku grli\u0107a materice\u201d provodi se na podru\u010dju Tuzlanske regije i predstavlja najmasovniji oblik preventivnog djelovanja u borbi protiv pojave raka kod \u017eena. U okviru Evropske sedmice prevencije raka grli\u0107a maternice bit \u0107e odr\u017eano niz predavanja u domovima zdravlja na podru\u010dju Tuzlanskog kantona i edukacija gra\u0111ana u nekoliko tr\u017enih centara. Akcija se provodi uz stalno podsje\u0107anje da od raka grli\u0107a materice u svijetu godi\u0161nje umre oko 250.000 \u017eena.<\/p>\n<p>Rak grli\u0107a materice predstavlja tre\u0107i vode\u0107i uzrok smrtnosti kod \u017eena, a nastaje kao posljedica prisustva odre\u0111enih tipova humanog papilomavirusa koji se prenosi seksualnim kontaktom. Rak grli\u0107a materice mo\u017ee biti udru\u017een sa vaginalnim krvarenjem, ali \u010desto nema nikakvih simptoma dok se ne razvije u uznapredovale stadijume, zato je prema rije\u010dima prof.dr. D\u017eenite Ljuce, prevencija od klju\u010dnog zna\u010daja. Ona je u svom obra\u0107anju istakla da \u0107e ove godine ciljna grupa za akciju \u201cStop raku grli\u0107a materice\u201d biti osobe sa invaliditetom i majke djece sa invaliditetom.<\/p>\n<p style=\"text-align: justify;\">Prema planu programa Akcija \u201cStop raku grli\u0107a materice\u201d \u0107e se odr\u017eati u periodu od 21. do 29. januara u svih 13 op\u0107ina TK, gdje \u0107e ljekari u domovima zdravlja pacijenticama prezentovati na\u010din prevencije, kao i opasnosti koje rak grli\u0107a materice donosi. Tako\u0111er, u svim op\u0107inama \u0107e na frekventnim mjestima u periodu od 13 do 15 sati biti postavljeni \u0161tandovi sa promotivnim materijalom i anonimnim anketama, gdje \u0107e studenti Udru\u017eenja Medicus i Bohemsa dijeliti promotivni materijal, te ukazati na va\u017enost prevencije u o\u010duvanju zdravlja.<\/p>\n<p>U Tuzli, po\u010detak akcije je planiran za 21. januar, sa po\u010detkom u 13 sati u TC Merkator, Bingo City i Omega.<\/p>\n<p style=\"text-align: justify;\">Po ugledu na aktivnosti vezane za prevenciju raka grli\u0107a materice u zemljama Evropske unije, za 24. januar 2019. godine planiran je sat fitness treninga, koji \u0107e se odr\u017eati u Univerzitetskoj dvorani, sa po\u010detkom u 18 sati.<\/p>\n<p style=\"text-align: justify;\">Zavr\u0161etak aktivnosti je planiran 29. januara u Zavodu za odgoj i obrazovanje osoba sa smetnjama \u201cKosta Popov\u201d sa po\u010detkom u 12 sati.<br \/>\nNa kraju svoj obra\u0107anja novinarima prof. dr. D\u017eenita Ljuca je izrazila zahvalnost novinarima koji poma\u017eu u podizanju svijesti o prevenciji ove bolesti, ali i pozvala sve \u017eenske osobe iz Tuzlanskog kantona da se jave ginekologu na vrijeme i preveniraju nastanak raka grli\u0107a materice.<\/p>\n","protected":false},"excerpt":{"rendered":"<p>U povodu obilje\u017eavanja Evropske sedmice prevencije raka grli\u0107a materice, koja se obilje\u017eava svake godine krajem mjeseca januara, Klinika za ginekologiju i aku\u0161erstvo UKC Tuzla organizovala je konferenciju za novinare, na kojoj su predstavljene aktivnosti koje ova klinika planira sprovesti u cilju informisanja javnosti o mogu\u0107nostima i va\u017enosti prevencije raka grli\u0107a materice. Prema rije\u010dima prof. dr.&hellip;<\/p>\n","protected":false},"author":2,"featured_media":16294,"comment_status":"closed","ping_status":"open","sticky":false,"template":"","format":"standard","meta":{"footnotes":""},"categories":[11],"tags":[],"class_list":["post-7128","post","type-post","status-publish","format-standard","has-post-thumbnail","hentry","category-vijesti","category-11","description-off"],"_links":{"self":[{"href":"https:\/\/www.ukctuzla.ba\/ukctuzla\/index.php?rest_route=\/wp\/v2\/posts\/7128","targetHints":{"allow":["GET"]}}],"collection":[{"href":"https:\/\/www.ukctuzla.ba\/ukctuzla\/index.php?rest_route=\/wp\/v2\/posts"}],"about":[{"href":"https:\/\/www.ukctuzla.ba\/ukctuzla\/index.php?rest_route=\/wp\/v2\/types\/post"}],"author":[{"embeddable":true,"href":"https:\/\/www.ukctuzla.ba\/ukctuzla\/index.php?rest_route=\/wp\/v2\/users\/2"}],"replies":[{"embeddable":true,"href":"https:\/\/www.ukctuzla.ba\/ukctuzla\/index.php?rest_route=%2Fwp%2Fv2%2Fcomments&post=7128"}],"version-history":[{"count":1,"href":"https:\/\/www.ukctuzla.ba\/ukctuzla\/index.php?rest_route=\/wp\/v2\/posts\/7128\/revisions"}],"predecessor-version":[{"id":7129,"href":"https:\/\/www.ukctuzla.ba\/ukctuzla\/index.php?rest_route=\/wp\/v2\/posts\/7128\/revisions\/7129"}],"wp:featuredmedia":[{"embeddable":true,"href":"https:\/\/www.ukctuzla.ba\/ukctuzla\/index.php?rest_route=\/wp\/v2\/media\/16294"}],"wp:attachment":[{"href":"https:\/\/www.ukctuzla.ba\/ukctuzla\/index.php?rest_route=%2Fwp%2Fv2%2Fmedia&parent=7128"}],"wp:term":[{"taxonomy":"category","embeddable":true,"href":"https:\/\/www.ukctuzla.ba\/ukctuzla\/index.php?rest_route=%2Fwp%2Fv2%2Fcategories&post=7128"},{"taxonomy":"post_tag","embeddable":true,"href":"https:\/\/www.ukctuzla.ba\/ukctuzla\/index.php?rest_route=%2Fwp%2Fv2%2Ftags&post=7128"}],"curies":[{"name":"wp","href":"https:\/\/api.w.org\/{rel}","templated":true}]}}