{"id":7264,"date":"2019-02-15T15:18:40","date_gmt":"2019-02-15T14:18:40","guid":{"rendered":"http:\/\/www.ukctuzla.ba\/ukctuzla\/?p=7264"},"modified":"2019-02-15T15:20:24","modified_gmt":"2019-02-15T14:20:24","slug":"na-konferenciji-za-novinare-najavljena-izgradnja-roditeljske-kuce","status":"publish","type":"post","link":"https:\/\/www.ukctuzla.ba\/ukctuzla\/?p=7264&lang=bs","title":{"rendered":"Na konferenciji za novinare najavljena izgradnja Roditeljske ku\u0107e"},"content":{"rendered":"<p style=\"text-align: justify;\">U povodu obilje\u017eavanja 15. februara &#8211; Me\u0111unarodnog dana djece oboljele i lije\u010dene od raka na Klinici za dje\u010dije bolesti UKC Tuzla odr\u017eana je konferencija za novinare na kojoj su najavljene aktivnosti u cilju podizanja svijesti javnosti o pedijatrijskom kanceru, ali i o problemima i pote\u0161ko\u0107ama na koje nailaze djeca oboljela od raka i njihove porodice. Konferenciju su organizovali Klinika za dje\u010dije bolesti UKC Tuzla i Udru\u017eenje Srce za djecu oboljelu od raka u FBiH \u010diji su predstavnici ovom prilikom najavili i izgradnju Roditeljske ku\u0107e.<\/p>\n<p style=\"text-align: justify;\">Direktor UKC Tuzla, prof. dr. Ne\u0161ad Hoti\u0107 je istakao da je Klinika za dje\u010dije bolesti u posljednjem periodu puno ulo\u017eila na zanavljanje opreme i kadra, ali i u projekte rekonstrukcije i adaptacije objekta. Prema njegovim rije\u010dima,izgradnja Roditeljske ku\u0107e predstavlja ta\u010dku na mukotrpan rad svih zaposlenika Univerzitetskog klini\u010dkog centra Tuzla i Klinike za dje\u010dije bolesti jer je ostvarena mogu\u0107nost postavljanja dijagnoze, primjene lijekova i hemoterapije kod najte\u017eeg oboljenja djece.<\/p>\n<p style=\"text-align: justify;\">Da je Univerzitetski klini\u010dki centar Tuzla uputio zahtjev za uknji\u017eavanjem zemlji\u0161ta na kojem \u0107e se graditi Roditeljska ku\u0107a potvrdio je ministar zdravstva TK, dr. Bahrudin Had\u017eiefendi\u0107. &#8220;U proceduru prema Skup\u0161tini TK, kao osniva\u010du UKC Tuzla, uputili smo zahtjev za uknji\u017eavanje odre\u0111enog dijela zemlji\u0161ta na kojem bi trebala biti izgra\u0111ena Roditeljska ku\u0107a. Procedura je u toku i ne sumnjam da \u0107e ovo biti jednoglasno izglasano jer postojanje jedne ovakve ku\u0107e je nemjerljiv doprinos Udru\u017eenja \u2018Srce za djecu oboljelu od raka FBiH\u2019 i generalno svih onih koji \u0107e u\u010destvovati u ovoj pri\u010di. Ovo nije bolest samo djeteta ve\u0107 i cijele porodice koja se susre\u0107e sa tim problemom\u201d, rekao je u svojoj izjavi novinarima ministar Had\u017eiefendi\u0107.<\/p>\n<p style=\"text-align: justify;\">Na konferenciji za novinare obratila se i prim.dr. Amila Latifagi\u0107, \u0161ef Odjeljenja za hematologiju i onkologiju Klinike za dje\u010dije bolesti koja je istakla da je u protekle dvije godine u Tuzli lije\u010deno 26 novootkrivenih malignih oboljenja. Prema njenim rije\u010dima, Tuzla u ovom segmentu ima jedan kontinuitet, a broj oboljele djece u prosjeku godi\u0161nje iznosi od 12 do 15. \u201cDijagnostika kojom dolazimo do malignog oboljenja je vrlo kompleksna, a terapijski pristupi su kombinovani. Mi koristimo protokole koji se primjenjuju u svijetu, a uz hemoterapiju koristimo radioterapiju ili hiru\u0161ku terapiju, u zavisnosti od vrste tumora\u201d, rekla je dr. Latifagi\u0107. Ona je istakla da su naj\u010de\u0161\u0107e maligne bolesti dje\u010dije dobi akutne leukemije, tumori centralnog nervnog sistema i limfomi, odnosno tumori limfhnih \u017elijezda. Tumori se, prema njenim rije\u010dima, naj\u010de\u0161\u0107e javljaju u dobi od pet godina i u periodu puberteta.<\/p>\n<p style=\"text-align: justify;\">Na\u010delnik Klinike za dje\u010dije bolesti, dr. med. sc. Edin Husari\u0107 je ovom prilikom rekao da Klinika za dje\u010dije bolesti prati svjetske standarde kad je u pitanju statistika lije\u010denja djece od ove vrste oboljenja, te da \u0107e osoblje Odjeljenja hematologije i onkologije nastaviti sa kontinuiranom edukacijom u cilju pra\u0107enja najsavremenijih protokola kod lije\u010denja djece.<\/p>\n<p style=\"text-align: justify;\">Roditeljska ku\u0107a bi trebala biti izgra\u0111ena u krugu Univerzitetskog klini\u010dkog centra Tuzla, u blizini Klinike za dje\u010dije bolesti, a prema rije\u010dima predsjednika Udru\u017eenja \u201cSrce za djecu oboljelu od raka FBiH\u201d Fikreta Kubata, vrijednost objekta veli\u010dine 400 metara kvadratnih iznosi oko 700.000 KM, a prema idejnom rje\u0161enju objekat \u0107e raspolagati sa dnevnim boravkom i pet soba.<\/p>\n<p style=\"text-align: justify;\">Novinarima se obratila i Atifa Buldi\u0107-Be\u0161i\u0107, majka petogodi\u0161nje djevoj\u010dice koja je 2016. godine sa svojom k\u0107erkom boravila u Roditeljskoj ku\u0107i u Sarajevu. \u201cU Roditeljskoj ku\u0107i smo boravili sedam mjeseci, a moja k\u0107erka se tamo osje\u0107ala sigurno, jer su s nama mogli biti i njen otac i brat. Imala je priliku da se igra sa drugom djecom, a gubitak kose je lak\u0161e podnosila, jer su u ku\u0107i boravila i druga djeca koja su imala \u0107elave glavice\u201d, navela je Buldi\u0107-Be\u0161i\u0107.<\/p>\n","protected":false},"excerpt":{"rendered":"<p>U povodu obilje\u017eavanja 15. februara &#8211; Me\u0111unarodnog dana djece oboljele i lije\u010dene od raka na Klinici za dje\u010dije bolesti UKC Tuzla odr\u017eana je konferencija za novinare na kojoj su najavljene aktivnosti u cilju podizanja svijesti javnosti o pedijatrijskom kanceru, ali i o problemima i pote\u0161ko\u0107ama na koje nailaze djeca oboljela od raka i njihove porodice.&hellip;<\/p>\n","protected":false},"author":2,"featured_media":16294,"comment_status":"closed","ping_status":"open","sticky":false,"template":"","format":"standard","meta":{"footnotes":""},"categories":[11],"tags":[],"class_list":["post-7264","post","type-post","status-publish","format-standard","has-post-thumbnail","hentry","category-vijesti","category-11","description-off"],"_links":{"self":[{"href":"https:\/\/www.ukctuzla.ba\/ukctuzla\/index.php?rest_route=\/wp\/v2\/posts\/7264","targetHints":{"allow":["GET"]}}],"collection":[{"href":"https:\/\/www.ukctuzla.ba\/ukctuzla\/index.php?rest_route=\/wp\/v2\/posts"}],"about":[{"href":"https:\/\/www.ukctuzla.ba\/ukctuzla\/index.php?rest_route=\/wp\/v2\/types\/post"}],"author":[{"embeddable":true,"href":"https:\/\/www.ukctuzla.ba\/ukctuzla\/index.php?rest_route=\/wp\/v2\/users\/2"}],"replies":[{"embeddable":true,"href":"https:\/\/www.ukctuzla.ba\/ukctuzla\/index.php?rest_route=%2Fwp%2Fv2%2Fcomments&post=7264"}],"version-history":[{"count":1,"href":"https:\/\/www.ukctuzla.ba\/ukctuzla\/index.php?rest_route=\/wp\/v2\/posts\/7264\/revisions"}],"predecessor-version":[{"id":7266,"href":"https:\/\/www.ukctuzla.ba\/ukctuzla\/index.php?rest_route=\/wp\/v2\/posts\/7264\/revisions\/7266"}],"wp:featuredmedia":[{"embeddable":true,"href":"https:\/\/www.ukctuzla.ba\/ukctuzla\/index.php?rest_route=\/wp\/v2\/media\/16294"}],"wp:attachment":[{"href":"https:\/\/www.ukctuzla.ba\/ukctuzla\/index.php?rest_route=%2Fwp%2Fv2%2Fmedia&parent=7264"}],"wp:term":[{"taxonomy":"category","embeddable":true,"href":"https:\/\/www.ukctuzla.ba\/ukctuzla\/index.php?rest_route=%2Fwp%2Fv2%2Fcategories&post=7264"},{"taxonomy":"post_tag","embeddable":true,"href":"https:\/\/www.ukctuzla.ba\/ukctuzla\/index.php?rest_route=%2Fwp%2Fv2%2Ftags&post=7264"}],"curies":[{"name":"wp","href":"https:\/\/api.w.org\/{rel}","templated":true}]}}