{"id":7635,"date":"2019-04-29T14:11:37","date_gmt":"2019-04-29T13:11:37","guid":{"rendered":"http:\/\/www.ukctuzla.ba\/ukctuzla\/?p=7635"},"modified":"2019-04-29T14:12:56","modified_gmt":"2019-04-29T13:12:56","slug":"tuzlanski-ljekari-ukazali-na-znacaj-imunizacije","status":"publish","type":"post","link":"https:\/\/www.ukctuzla.ba\/ukctuzla\/?p=7635&lang=bs","title":{"rendered":"Tuzlanski ljekari ukazali na zna\u010daj imunizacije"},"content":{"rendered":"<p style=\"text-align: justify;\">U povodu Evropske sedmice imunizacije na Klinici za dje\u010dije bolesti UKC Tuzla odr\u017eana je konferencija za novinare. U\u010desnici konferencije su bili prof. dr. Fahrija Skoki\u0107, pomo\u0107nik direktora za medicinske poslove UKC Tuzla i predsjednik Udru\u017eenja pedijatara u BiH, dr. med. sc. Edin Husari\u0107, na\u010delnik Klinike za dje\u010dije bolesti, doc. dr. Almira \u0106osi\u0107ki\u0107, \u0161ef Odjeljenja za alergologiju i imunologiju Klinike za dje\u010dije bolesti i dr. Bla\u0161ko Topalovi\u0107, \u0161ef Slu\u017ebe za epidemiologiju Zavoda za javno zdravstvo TK. Ovom prilikom u\u010desnici su naglasili da im je cilj osigurati ta\u010dne i pouzdane informacije o koristima vakcinacije, te uticati na svijest javnosti o zna\u010daju imunizacije kako bi se odr\u017eao kolektivni imunitet protiv zaraznih bolesti koje se mogu sprije\u010diti vakcinacijom.<\/p>\n<p style=\"text-align: justify;\">Prof. dr. Skoki\u0107 je naglasila da je ohrabruju\u0107i podatak da je u Tuzlanskom kantonu uspostavljena ravnote\u017ea izme\u0111u vakcinisane i nevakcinisane djece, te da na podru\u010dju Tuzlanskog kantona ove godine nije zabilje\u017eena epidemija morbila, kao \u0161to je to bio slu\u010daj 2014. i 2015. godine. Ona je tako\u0111er podsjetila da je vakcinacija zakonom obavezna, te upozorila da su neke bolesti u pedijatriji bile iskorijenjene, ali da su se ponovo vratile zbog jakog uticaja antivakcinalnih pokreta na odluke roditelja o vakcinisanju.<\/p>\n<p>Iako je u Tuzlanskom kantonu trend vakcinisanja u porastu i dalje je prisutan zabrinjavaju\u0107i broj onih koji nisu primili odgovaraju\u0107u dozu imunizacije.<\/p>\n<p>Epidemiolog u Zavodu za javno zdravstvo TK dr. Bla\u0161ko Topalovi\u0107 ka\u017ee da je u ovom trenutku u Tuzlanskom kantonu nevakcinisano 25 posto djece. Kako je naveo, zaklju\u010dno s krajem 2018. godine pokrivenost prvom dozom MRP vakcine iznosi 74,2 posto, dok je druga doza ve\u0107a za jedan posto.<\/p>\n<p style=\"text-align: justify;\">Ljekari su ovom prilikom upozorili da niska stopa pokrivenosti vakcinacijom mo\u017ee dovesti do javnozdravstvenih kriza, uklju\u010duju\u0107i izbijanja epidemija, dok s druge strane imunizacija predstavlja najve\u0107e dostignu\u0107e \u010dovje\u010danstva i najefikasniju mjeru za za\u0161titu zdravlja, prije svega djece.<\/p>\n","protected":false},"excerpt":{"rendered":"<p>U povodu Evropske sedmice imunizacije na Klinici za dje\u010dije bolesti UKC Tuzla odr\u017eana je konferencija za novinare. U\u010desnici konferencije su bili prof. dr. Fahrija Skoki\u0107, pomo\u0107nik direktora za medicinske poslove UKC Tuzla i predsjednik Udru\u017eenja pedijatara u BiH, dr. med. sc. Edin Husari\u0107, na\u010delnik Klinike za dje\u010dije bolesti, doc. dr. Almira \u0106osi\u0107ki\u0107, \u0161ef Odjeljenja za&hellip;<\/p>\n","protected":false},"author":2,"featured_media":16294,"comment_status":"closed","ping_status":"open","sticky":false,"template":"","format":"standard","meta":{"footnotes":""},"categories":[11],"tags":[],"class_list":["post-7635","post","type-post","status-publish","format-standard","has-post-thumbnail","hentry","category-vijesti","category-11","description-off"],"_links":{"self":[{"href":"https:\/\/www.ukctuzla.ba\/ukctuzla\/index.php?rest_route=\/wp\/v2\/posts\/7635","targetHints":{"allow":["GET"]}}],"collection":[{"href":"https:\/\/www.ukctuzla.ba\/ukctuzla\/index.php?rest_route=\/wp\/v2\/posts"}],"about":[{"href":"https:\/\/www.ukctuzla.ba\/ukctuzla\/index.php?rest_route=\/wp\/v2\/types\/post"}],"author":[{"embeddable":true,"href":"https:\/\/www.ukctuzla.ba\/ukctuzla\/index.php?rest_route=\/wp\/v2\/users\/2"}],"replies":[{"embeddable":true,"href":"https:\/\/www.ukctuzla.ba\/ukctuzla\/index.php?rest_route=%2Fwp%2Fv2%2Fcomments&post=7635"}],"version-history":[{"count":1,"href":"https:\/\/www.ukctuzla.ba\/ukctuzla\/index.php?rest_route=\/wp\/v2\/posts\/7635\/revisions"}],"predecessor-version":[{"id":7636,"href":"https:\/\/www.ukctuzla.ba\/ukctuzla\/index.php?rest_route=\/wp\/v2\/posts\/7635\/revisions\/7636"}],"wp:featuredmedia":[{"embeddable":true,"href":"https:\/\/www.ukctuzla.ba\/ukctuzla\/index.php?rest_route=\/wp\/v2\/media\/16294"}],"wp:attachment":[{"href":"https:\/\/www.ukctuzla.ba\/ukctuzla\/index.php?rest_route=%2Fwp%2Fv2%2Fmedia&parent=7635"}],"wp:term":[{"taxonomy":"category","embeddable":true,"href":"https:\/\/www.ukctuzla.ba\/ukctuzla\/index.php?rest_route=%2Fwp%2Fv2%2Fcategories&post=7635"},{"taxonomy":"post_tag","embeddable":true,"href":"https:\/\/www.ukctuzla.ba\/ukctuzla\/index.php?rest_route=%2Fwp%2Fv2%2Ftags&post=7635"}],"curies":[{"name":"wp","href":"https:\/\/api.w.org\/{rel}","templated":true}]}}