{"id":8255,"date":"2019-10-23T14:16:44","date_gmt":"2019-10-23T13:16:44","guid":{"rendered":"http:\/\/www.ukctuzla.ba\/ukctuzla\/?p=8255"},"modified":"2019-10-23T14:16:44","modified_gmt":"2019-10-23T13:16:44","slug":"u-povodu-odrzavanja-xvii-psihijatrijskih-dana-bosne-i-hercegovine-odrzana-konferencija-za-novinare","status":"publish","type":"post","link":"https:\/\/www.ukctuzla.ba\/ukctuzla\/?p=8255&lang=bs","title":{"rendered":"U povodu odr\u017eavanja XVII Psihijatrijskih dana Bosne i Hercegovine odr\u017eana konferencija za novinare"},"content":{"rendered":"<p style=\"text-align: justify;\">XVII Psihijatrijski dani Bosne i Hercegovine najavljeni su danas na konferenciji za novinare odr\u017eanoj na Klinici za psihijatriju UKC Tuzla. Me\u0111unarodni simpozij XVII Psihijatrijski dani Bosne i Hercegovine, bit \u0107e odr\u017ean u Tuzli od 25. do 26. oktobra 2019. godine u hotelu Mellain. Simpozij \u0107e biti prilika da psihijatri i drugi stru\u010dnjaci za mentalno zdravlje iz Bosne i Hercegovine, regiona i \u0161ireg okru\u017eenja razmjene mi\u0161ljena i iskustva na temu \u201cLije\u010denje u psihijatriji: aktuelnosti i dileme\u201d.<\/p>\n<p style=\"text-align: justify;\">U\u010desnici dana\u0161nje konferencije su bili: prof. dr. Izet Pajevi\u0107, predsjednik organizacionog odbora simpozija i na\u010delnik Klinike za psihijatriju Univerzitetskog klini\u010dkog centra Tuzla, prof.dr. Esmina Avdibegovi\u0107, \u0161ef Odjeljenja za traumatske stresne poreme\u0107aje, prof.dr. Mevludin Hasanovi\u0107, \u0161ef Odjeljenja za socijalnu psihijatriju i doc. dr. Nermina Kravi\u0107, \u0161ef Odjeljenja za dje\u010diju i adolescentnu psihijatriju.<\/p>\n<p style=\"text-align: justify;\">Prof. dr. Pajevi\u0107 je istakao da okolnosti u savremenom svijetu uti\u010du na pove\u0107anje broja psihi\u010dkih oboljenja, a to zahtijeva preispitivanje ranijih i iznala\u017eenje novih metoda prevencije i lije\u010denja. &#8220;Pored psihofarmakoterapije, psihoterapije i socioterapije u psihijatriji se sve \u010de\u0161\u0107e govori i o metodama duhovne terapije, ekopsihijatriji, razli\u010ditim metodama tradicionalnih komplementarnih oblika lije\u010denja, transkranijalnoj magnetnoj stimulaciji mozga, a ponovo se aktuelizira stigmatizirana, ali provjerena i prakti\u010dno ne\u0161kodljiva, elektrostimulativna terapija. Uz psihijatrijske poreme\u0107aje \u010desto su prisutni i drugi medicinski problemi \u0161to zahtijeva \u0161irok i multidisciplinarni pristup svakom pacijentu u konceptu personalizirane psihijatrije. Zato \u0107e slo\u017een i zna\u010dajan zadatak eminentnih stru\u010dnjaka biti da tokom simpozija predstave aktuelnosti u oblasti lije\u010denja u psihijatriji, kao i dileme koje se javljaju u svakodnevnoj klini\u010dkoj praksi&#8221;, istakao je prof. dr. Pajevi\u0107.<\/p>\n<p style=\"text-align: justify;\">Prof. dr. Mevludin Hasanovi\u0107 je rekao da \u0107e simpozij okupiti veliki broj stru\u010dnjaka iz oblasti mentalnog zdravlja iz Bosne i Hercegovine, Hrvatske, Srbije, Njema\u010dke, Holandije i Austrije. Prema njegovim rije\u010dima, do sada je registrovano 189 u\u010desnika i najavljeno 26 pozvanih predavanja, 15 oralnih prezentacija i 19 poster prezentacija.<\/p>\n<p style=\"text-align: justify;\">O konceptu personalizirane psihijatrije i trendovima u lije\u010denju ovih oboljenja, ali i njihovoj stigmatizaciji govorila je prof. dr. Esmina Avdibegovi\u0107. Ona je istakla da u BiH na tr\u017ei\u0161tu postoje svi lijekovi koji se koriste u evropskim zemljama, ali da nemaju svi pacijenti mogu\u0107nost kori\u0161tenja istih, jer na Esencijalnoj listi lijekova nisu zastupljeni lijekovi koji trebaju pacijentima sa psihi\u010dkim poreme\u0107ajima, a oni koji su na listi su uslovljeni dijagnozom, \u0161to je ote\u017eavaju\u0107a okolnost jer se kod ovih pacijenata jedan lijek mo\u017ee koristiti za vi\u0161e oboljenja.<\/p>\n<p style=\"text-align: justify;\">U okviru XVII Psihijatrijskih dana Bosne i Hercegovine bit \u0107e odr\u017ean Drugi simpozij na temu Psihijatrija dje\u010dije i adolescentne dobi. Na tu temu je govorila doc. dr. Nermina Kravi\u0107 koja je najavila u\u010de\u0161\u0107e velikog broja stru\u010dnjaka koji razgovarati na ovu temu.<\/p>\n","protected":false},"excerpt":{"rendered":"<p>XVII Psihijatrijski dani Bosne i Hercegovine najavljeni su danas na konferenciji za novinare odr\u017eanoj na Klinici za psihijatriju UKC Tuzla. Me\u0111unarodni simpozij XVII Psihijatrijski dani Bosne i Hercegovine, bit \u0107e odr\u017ean u Tuzli od 25. do 26. oktobra 2019. godine u hotelu Mellain. Simpozij \u0107e biti prilika da psihijatri i drugi stru\u010dnjaci za mentalno zdravlje&hellip;<\/p>\n","protected":false},"author":2,"featured_media":16294,"comment_status":"closed","ping_status":"open","sticky":false,"template":"","format":"standard","meta":{"footnotes":""},"categories":[11],"tags":[],"class_list":["post-8255","post","type-post","status-publish","format-standard","has-post-thumbnail","hentry","category-vijesti","category-11","description-off"],"_links":{"self":[{"href":"https:\/\/www.ukctuzla.ba\/ukctuzla\/index.php?rest_route=\/wp\/v2\/posts\/8255","targetHints":{"allow":["GET"]}}],"collection":[{"href":"https:\/\/www.ukctuzla.ba\/ukctuzla\/index.php?rest_route=\/wp\/v2\/posts"}],"about":[{"href":"https:\/\/www.ukctuzla.ba\/ukctuzla\/index.php?rest_route=\/wp\/v2\/types\/post"}],"author":[{"embeddable":true,"href":"https:\/\/www.ukctuzla.ba\/ukctuzla\/index.php?rest_route=\/wp\/v2\/users\/2"}],"replies":[{"embeddable":true,"href":"https:\/\/www.ukctuzla.ba\/ukctuzla\/index.php?rest_route=%2Fwp%2Fv2%2Fcomments&post=8255"}],"version-history":[{"count":1,"href":"https:\/\/www.ukctuzla.ba\/ukctuzla\/index.php?rest_route=\/wp\/v2\/posts\/8255\/revisions"}],"predecessor-version":[{"id":8257,"href":"https:\/\/www.ukctuzla.ba\/ukctuzla\/index.php?rest_route=\/wp\/v2\/posts\/8255\/revisions\/8257"}],"wp:featuredmedia":[{"embeddable":true,"href":"https:\/\/www.ukctuzla.ba\/ukctuzla\/index.php?rest_route=\/wp\/v2\/media\/16294"}],"wp:attachment":[{"href":"https:\/\/www.ukctuzla.ba\/ukctuzla\/index.php?rest_route=%2Fwp%2Fv2%2Fmedia&parent=8255"}],"wp:term":[{"taxonomy":"category","embeddable":true,"href":"https:\/\/www.ukctuzla.ba\/ukctuzla\/index.php?rest_route=%2Fwp%2Fv2%2Fcategories&post=8255"},{"taxonomy":"post_tag","embeddable":true,"href":"https:\/\/www.ukctuzla.ba\/ukctuzla\/index.php?rest_route=%2Fwp%2Fv2%2Ftags&post=8255"}],"curies":[{"name":"wp","href":"https:\/\/api.w.org\/{rel}","templated":true}]}}